{"id":10036,"date":"2020-12-11T09:30:44","date_gmt":"2020-12-11T08:30:44","guid":{"rendered":"https:\/\/www.ciudadrodrigo.es\/ayuntamiento\/?p=10036"},"modified":"2021-06-07T12:17:50","modified_gmt":"2021-06-07T10:17:50","slug":"autorizacion-de-uso-excepcional-en-suelo-rustico-para-reconstruccion-de-edificio-existente-para-destinarlo-a-vivienda-en-la-parcela-136-del-poligono-15","status":"publish","type":"post","link":"https:\/\/www.ciudadrodrigo.es\/ayuntamiento\/autorizacion-de-uso-excepcional-en-suelo-rustico-para-reconstruccion-de-edificio-existente-para-destinarlo-a-vivienda-en-la-parcela-136-del-poligono-15\/","title":{"rendered":"Autorizaci\u00f3n de uso excepcional en suelo r\u00fastico para reforma y consolidaci\u00f3n de vivienda en la parcela 136 del pol\u00edgono 15"},"content":{"rendered":"<p><strong>\u00d3RGANO QUE ORDENA LA PUBLICACI\u00d3N<\/strong>: Alcald\u00eda.<br \/>\n<strong>PUBLICACI\u00d3N BOCYL<\/strong>: <a href=\"http:\/\/bocyl.jcyl.es\/boletines\/2020\/12\/18\/pdf\/BOCYL-D-18122020-21.pdf\" target=\"_blank\" rel=\"noopener noreferrer\">18\/12\/2020<\/a>.<br \/>\n<strong>PUBLICACI\u00d3N WEB<\/strong>: 11 de diciembre de 2020.<br \/>\n<strong>PUBLICACI\u00d3N PRENSA<\/strong>: La Gaceta 12\/12\/2020<br \/>\n<strong>PRESENTACI\u00d3N DE ALEGACIONES<\/strong>: 20 d\u00edas h\u00e1biles a contar desde el d\u00eda siguiente a la \u00faltima de las publicaciones. Hasta el 21 de enero de 2021.<\/p>\n<p><span style=\"text-decoration: underline;\"><strong>POR PROVIDENCIA DE LA ALCALD\u00cdA DE FECHA 7 DE MAYO DE 2021 SE SOMETE DE NUEVO A INFORMACI\u00d3N P\u00daBLICA<br \/>\n<\/strong><\/span><strong>PUBLICACI\u00d3N EXPEDIENTE EN LA WEB<\/strong>: 28\/05\/2021<br \/>\n<strong>PUBLICACI\u00d3N BOCYL<\/strong>:\u00a0\u00a0 <a href=\"https:\/\/bocyl.jcyl.es\/boletines\/2021\/06\/04\/pdf\/BOCYL-D-04062021-24.pdf\" target=\"_blank\" rel=\"noopener noreferrer\">04\/06\/2021<\/a><br \/>\n<strong>PUBLICACI\u00d3N PRENSA<\/strong>: 29\/05\/2021.<br \/>\n<strong>PRESENTACI\u00d3N DE ALEGACIONES<\/strong>: 20 d\u00edas h\u00e1biles a contar desde el d\u00eda siguiente a la \u00faltima de las publicaciones.<\/p>\n<p><strong><span style=\"text-decoration: underline;\">DOCUMENTOS<\/span><\/strong>:<\/p>\n<table style=\"width: 99.67%; height: 30px; border-collapse: collapse;\" border=\"1\">\n<tbody>\n<tr style=\"height: 25px;\">\n<td style=\"width: 0.82%; height: 25px;\"><img loading=\"lazy\" decoding=\"async\" class=\"alignnone size-full wp-image-2515\" src=\"https:\/\/www.ciudadrodrigo.es\/ayuntamiento\/wp-content\/uploads\/2018\/04\/iconoDescargaPdf.png\" alt=\"\" width=\"30\" height=\"30\" \/><\/td>\n<td style=\"width: 16.02%; height: 25px;\"><a href=\"https:\/\/www.ciudadrodrigo.es\/ayuntamiento\/wp-content\/uploads\/2020\/12\/ANUNCIO-BOCYL-VIVIENDA-AGUSTIN.pdf\" target=\"_blank\" rel=\"noopener noreferrer\">ANUNCIO<\/a><\/td>\n<\/tr>\n<tr>\n<td style=\"width: 0.82%;\"><img loading=\"lazy\" decoding=\"async\" class=\"alignnone size-full wp-image-2515\" src=\"https:\/\/www.ciudadrodrigo.es\/ayuntamiento\/wp-content\/uploads\/2018\/04\/iconoDescargaPdf.png\" alt=\"\" width=\"30\" height=\"30\" \/><\/td>\n<td style=\"width: 16.02%;\"><a href=\"https:\/\/www.ciudadrodrigo.es\/ayuntamiento\/wp-content\/uploads\/2021\/05\/EXPEDIENTE.pdf\" target=\"_blank\" rel=\"noopener noreferrer\">EXPEDIENTE<\/a><\/td>\n<\/tr>\n<\/tbody>\n<\/table>\n<p>&nbsp;<\/p>\n","protected":false},"excerpt":{"rendered":"<p>\u00d3RGANO QUE ORDENA LA PUBLICACI\u00d3N: Alcald\u00eda. PUBLICACI\u00d3N BOCYL: 18\/12\/2020. PUBLICACI\u00d3N WEB: 11 de diciembre de 2020. PUBLICACI\u00d3N PRENSA: La Gaceta 12\/12\/2020 PRESENTACI\u00d3N DE ALEGACIONES: 20 d\u00edas h\u00e1biles a contar desde el d\u00eda siguiente a la \u00faltima de las publicaciones. Hasta el 21 de enero de 2021. POR PROVIDENCIA DE LA ALCALD\u00cdA DE FECHA 7 DE [&hellip;]<\/p>\n","protected":false},"author":4,"featured_media":0,"comment_status":"closed","ping_status":"closed","sticky":false,"template":"","format":"standard","meta":{"footnotes":""},"categories":[151],"tags":[],"class_list":["post-10036","post","type-post","status-publish","format-standard","hentry","category-urbanismo-autorizaciones-de-uso-excepcional"],"_links":{"self":[{"href":"https:\/\/www.ciudadrodrigo.es\/ayuntamiento\/wp-json\/wp\/v2\/posts\/10036","targetHints":{"allow":["GET"]}}],"collection":[{"href":"https:\/\/www.ciudadrodrigo.es\/ayuntamiento\/wp-json\/wp\/v2\/posts"}],"about":[{"href":"https:\/\/www.ciudadrodrigo.es\/ayuntamiento\/wp-json\/wp\/v2\/types\/post"}],"author":[{"embeddable":true,"href":"https:\/\/www.ciudadrodrigo.es\/ayuntamiento\/wp-json\/wp\/v2\/users\/4"}],"replies":[{"embeddable":true,"href":"https:\/\/www.ciudadrodrigo.es\/ayuntamiento\/wp-json\/wp\/v2\/comments?post=10036"}],"version-history":[{"count":7,"href":"https:\/\/www.ciudadrodrigo.es\/ayuntamiento\/wp-json\/wp\/v2\/posts\/10036\/revisions"}],"predecessor-version":[{"id":10071,"href":"https:\/\/www.ciudadrodrigo.es\/ayuntamiento\/wp-json\/wp\/v2\/posts\/10036\/revisions\/10071"}],"wp:attachment":[{"href":"https:\/\/www.ciudadrodrigo.es\/ayuntamiento\/wp-json\/wp\/v2\/media?parent=10036"}],"wp:term":[{"taxonomy":"category","embeddable":true,"href":"https:\/\/www.ciudadrodrigo.es\/ayuntamiento\/wp-json\/wp\/v2\/categories?post=10036"},{"taxonomy":"post_tag","embeddable":true,"href":"https:\/\/www.ciudadrodrigo.es\/ayuntamiento\/wp-json\/wp\/v2\/tags?post=10036"}],"curies":[{"name":"wp","href":"https:\/\/api.w.org\/{rel}","templated":true}]}}