{"id":10508,"date":"2021-04-08T09:55:20","date_gmt":"2021-04-08T07:55:20","guid":{"rendered":"https:\/\/www.ciudadrodrigo.es\/ayuntamiento\/?p=10508"},"modified":"2021-04-16T10:33:08","modified_gmt":"2021-04-16T08:33:08","slug":"10508-2","status":"publish","type":"post","link":"https:\/\/www.ciudadrodrigo.es\/ayuntamiento\/10508-2\/","title":{"rendered":"Autorizaci\u00f3n de uso excepcional para legalizaci\u00f3n de antena de telefon\u00eda m\u00f3vil en parcela 51 del pol\u00edgono5"},"content":{"rendered":"<p><strong>\u00d3RGANO QUE ORDENA LA PUBLICACI\u00d3N<\/strong>: Alcald\u00eda.<br \/>\n<strong>PUBLICACI\u00d3N WEB<\/strong>: 8 de abril de 2021<br \/>\n<strong>PUBLICACI\u00d3N BOCYL<\/strong>:\u00a0\u00a0\u00a0\u00a0 <a href=\"https:\/\/bocyl.jcyl.es\/boletines\/2021\/04\/15\/pdf\/BOCYL-D-15042021-32.pdf\" target=\"_blank\" rel=\"noopener noreferrer\">15\/04\/2021<\/a><br \/>\n<strong>PUBLICACI\u00d3N PRENSA<\/strong>: La Gaceta 16\/04\/2021<br \/>\n<strong>PRESENTACI\u00d3N DE ALEGACIONES<\/strong>: 20 d\u00edas h\u00e1biles a contar desde el siguiente a la \u00faltima de las publicaciones. <strong><span style=\"text-decoration: underline;\">Hasta el 17 de mayo de 2021<\/span><\/strong><\/p>\n<p><span style=\"text-decoration: underline;\"><strong>DOCUMENTOS<\/strong><\/span>:<\/p>\n<table style=\"width: 100%; border-collapse: collapse;\" border=\"1\">\n<tbody>\n<tr>\n<td style=\"width: 2.89%;\"><img loading=\"lazy\" decoding=\"async\" class=\"alignnone size-full wp-image-2515\" src=\"https:\/\/www.ciudadrodrigo.es\/ayuntamiento\/wp-content\/uploads\/2018\/04\/iconoDescargaPdf.png\" alt=\"\" width=\"30\" height=\"30\" \/><\/td>\n<td style=\"width: 25.32%;\"><a href=\"https:\/\/www.ciudadrodrigo.es\/ayuntamiento\/wp-content\/uploads\/2021\/04\/PROYECTO.pdf\" target=\"_blank\" rel=\"noopener noreferrer\">PROYECTO<\/a><\/td>\n<\/tr>\n<tr>\n<td style=\"width: 2.89%;\"><img loading=\"lazy\" decoding=\"async\" class=\"alignnone size-full wp-image-2515\" src=\"https:\/\/www.ciudadrodrigo.es\/ayuntamiento\/wp-content\/uploads\/2018\/04\/iconoDescargaPdf.png\" alt=\"\" width=\"30\" height=\"30\" \/><\/td>\n<td style=\"width: 25.32%;\"><a href=\"https:\/\/www.ciudadrodrigo.es\/ayuntamiento\/wp-content\/uploads\/2021\/04\/PROVIDENCIA-DE-ALCALD\u00cdA.pdf\" target=\"_blank\" rel=\"noopener noreferrer\">PROVIDENCIA DE ALCALD\u00cdA<\/a><\/td>\n<\/tr>\n<tr>\n<td style=\"width: 2.89%;\"><img loading=\"lazy\" decoding=\"async\" class=\"alignnone size-full wp-image-2515\" src=\"https:\/\/www.ciudadrodrigo.es\/ayuntamiento\/wp-content\/uploads\/2018\/04\/iconoDescargaPdf.png\" alt=\"\" width=\"30\" height=\"30\" \/><\/td>\n<td style=\"width: 25.32%;\"><a href=\"https:\/\/www.ciudadrodrigo.es\/ayuntamiento\/wp-content\/uploads\/2021\/04\/INFORME-JUR\u00cdDICO.pdf\" target=\"_blank\" rel=\"noopener noreferrer\">INFORME JUR\u00cdDICO<\/a><\/td>\n<\/tr>\n<tr>\n<td style=\"width: 2.89%;\"><img loading=\"lazy\" decoding=\"async\" class=\"alignnone size-full wp-image-2515\" src=\"https:\/\/www.ciudadrodrigo.es\/ayuntamiento\/wp-content\/uploads\/2018\/04\/iconoDescargaPdf.png\" alt=\"\" width=\"30\" height=\"30\" \/><\/td>\n<td style=\"width: 25.32%;\"><a href=\"https:\/\/www.ciudadrodrigo.es\/ayuntamiento\/wp-content\/uploads\/2021\/04\/INFORME-T\u00c9CNICO.pdf\" target=\"_blank\" rel=\"noopener noreferrer\">INFORME T\u00c9CNICO<\/a><\/td>\n<\/tr>\n<tr>\n<td style=\"width: 2.89%;\"><img loading=\"lazy\" decoding=\"async\" class=\"alignnone size-full wp-image-2515\" src=\"https:\/\/www.ciudadrodrigo.es\/ayuntamiento\/wp-content\/uploads\/2018\/04\/iconoDescargaPdf.png\" alt=\"\" width=\"30\" height=\"30\" \/><\/td>\n<td style=\"width: 25.32%;\"><a href=\"https:\/\/www.ciudadrodrigo.es\/ayuntamiento\/wp-content\/uploads\/2021\/04\/ANUNCIO-BOCYL.pdf\" target=\"_blank\" rel=\"noopener noreferrer\">ANUNCIO<\/a><\/td>\n<\/tr>\n<\/tbody>\n<\/table>\n<p>&nbsp;<\/p>\n","protected":false},"excerpt":{"rendered":"<p>\u00d3RGANO QUE ORDENA LA PUBLICACI\u00d3N: Alcald\u00eda. PUBLICACI\u00d3N WEB: 8 de abril de 2021 PUBLICACI\u00d3N BOCYL:\u00a0\u00a0\u00a0\u00a0 15\/04\/2021 PUBLICACI\u00d3N PRENSA: La Gaceta 16\/04\/2021 PRESENTACI\u00d3N DE ALEGACIONES: 20 d\u00edas h\u00e1biles a contar desde el siguiente a la \u00faltima de las publicaciones. Hasta el 17 de mayo de 2021 DOCUMENTOS: PROYECTO PROVIDENCIA DE ALCALD\u00cdA INFORME JUR\u00cdDICO INFORME T\u00c9CNICO ANUNCIO [&hellip;]<\/p>\n","protected":false},"author":4,"featured_media":0,"comment_status":"closed","ping_status":"closed","sticky":false,"template":"","format":"standard","meta":{"footnotes":""},"categories":[151],"tags":[],"class_list":["post-10508","post","type-post","status-publish","format-standard","hentry","category-urbanismo-autorizaciones-de-uso-excepcional"],"_links":{"self":[{"href":"https:\/\/www.ciudadrodrigo.es\/ayuntamiento\/wp-json\/wp\/v2\/posts\/10508","targetHints":{"allow":["GET"]}}],"collection":[{"href":"https:\/\/www.ciudadrodrigo.es\/ayuntamiento\/wp-json\/wp\/v2\/posts"}],"about":[{"href":"https:\/\/www.ciudadrodrigo.es\/ayuntamiento\/wp-json\/wp\/v2\/types\/post"}],"author":[{"embeddable":true,"href":"https:\/\/www.ciudadrodrigo.es\/ayuntamiento\/wp-json\/wp\/v2\/users\/4"}],"replies":[{"embeddable":true,"href":"https:\/\/www.ciudadrodrigo.es\/ayuntamiento\/wp-json\/wp\/v2\/comments?post=10508"}],"version-history":[{"count":4,"href":"https:\/\/www.ciudadrodrigo.es\/ayuntamiento\/wp-json\/wp\/v2\/posts\/10508\/revisions"}],"predecessor-version":[{"id":10590,"href":"https:\/\/www.ciudadrodrigo.es\/ayuntamiento\/wp-json\/wp\/v2\/posts\/10508\/revisions\/10590"}],"wp:attachment":[{"href":"https:\/\/www.ciudadrodrigo.es\/ayuntamiento\/wp-json\/wp\/v2\/media?parent=10508"}],"wp:term":[{"taxonomy":"category","embeddable":true,"href":"https:\/\/www.ciudadrodrigo.es\/ayuntamiento\/wp-json\/wp\/v2\/categories?post=10508"},{"taxonomy":"post_tag","embeddable":true,"href":"https:\/\/www.ciudadrodrigo.es\/ayuntamiento\/wp-json\/wp\/v2\/tags?post=10508"}],"curies":[{"name":"wp","href":"https:\/\/api.w.org\/{rel}","templated":true}]}}