{"id":10765,"date":"2021-05-14T10:46:14","date_gmt":"2021-05-14T08:46:14","guid":{"rendered":"https:\/\/www.ciudadrodrigo.es\/ayuntamiento\/?p=10765"},"modified":"2025-02-17T09:38:18","modified_gmt":"2025-02-17T08:38:18","slug":"proyecto-de-actuacion-del-sector-34-2","status":"publish","type":"post","link":"https:\/\/www.ciudadrodrigo.es\/ayuntamiento\/proyecto-de-actuacion-del-sector-34-2\/","title":{"rendered":"PROYECTO DE ACTUACI\u00d3N DEL SECTOR 34.2"},"content":{"rendered":"<p><em><strong>CATEGOR\u00cdA:\u00a0<\/strong><\/em>Proyecto de Actuaci\u00f3n (Urbanizaci\u00f3n y Reparcelaci\u00f3n)<br \/>\n<em><strong>DESCRIPCI\u00d3N Y \u00c1MBITO DE APLICACI\u00d3N:\u00a0<\/strong><\/em>Reparcelaci\u00f3n y Urbanizaci\u00f3n del sector 34.2 situado en el n\u00facleo de Ivanrey.<br \/>\n<em><strong>PROMOTOR: <\/strong><\/em>Residencial Ivanrey S.L<em>:<\/em><br \/>\n<em><strong>PUNTO DE INFORMACI\u00d3N:\u00a0<\/strong><\/em>Ayuntamiento de Ciudad Rodrigo. Plaza Mayor 27. Primera planta. Servicio de Urbanismo.<\/p>\n<p><strong><span style=\"text-decoration: underline;\">APROBACI\u00d3N INICIAL:<\/span><\/strong><br \/>\n<em><strong>ACUERDO<\/strong><\/em>: Junta de Gobierno Local de fecha 20 de mayo de 2016<br \/>\n<em><strong>PUBLICACI\u00d3N TABL\u00d3N DE EDICTOS<\/strong><\/em>: 31\/05\/2016<br \/>\n<strong><em>PUBLICACI\u00d3N <\/em><\/strong><strong>BOCYL:<\/strong> 08\/06\/2016.<\/p>\n<p><em><strong>PRESENTACI\u00d3N DE ALEGACIONES<\/strong><\/em>: 1 mes a contar desde el siguiente a la publicaci\u00f3n en el BOCYL<\/p>\n<p><span style=\"text-decoration: underline;\"><strong>APROBACI\u00d3N DEFINITIVA<\/strong><\/span>:<br \/>\n<em><strong>ACUERDO<\/strong><\/em>: Junta de Gobierno Local de fecha 19 de abril de 2021.<br \/>\n<em><strong>PUBLICACI\u00d3N BOCYL<\/strong><\/em>:\u00a0 <a href=\"https:\/\/bocyl.jcyl.es\/boletines\/2021\/05\/18\/pdf\/BOCYL-D-18052021-47.pdf\" target=\"_blank\" rel=\"noopener noreferrer\">18\/05\/2021<\/a><\/p>\n<p><span style=\"text-decoration: underline;\"><em><strong>DOCUMENTOS:<\/strong><\/em><\/span><\/p>\n<table style=\"height: 31px;\" width=\"252\">\n<tbody>\n<tr>\n<td style=\"width: 29px; text-align: left; vertical-align: middle;\"><img loading=\"lazy\" decoding=\"async\" class=\"alignleft size-full wp-image-2515\" src=\"http:\/\/www.ciudadrodrigo.es\/ayuntamiento\/wp-content\/uploads\/2018\/04\/iconoDescargaPdf.png\" alt=\"iconodescargapdf\" width=\"30\" height=\"30\" \/><\/td>\n<td style=\"width: 249px;\"><a href=\"https:\/\/www.ciudadrodrigo.es\/ayuntamiento\/wp-content\/uploads\/2021\/05\/REFUNDIDO-PROYECTO.pdf\" target=\"_blank\" rel=\"noopener noreferrer\">REFUNDIDO-PROYECTO<\/a><\/td>\n<\/tr>\n<\/tbody>\n<\/table>\n<p>&nbsp;<\/p>\n","protected":false},"excerpt":{"rendered":"<p>CATEGOR\u00cdA:\u00a0Proyecto de Actuaci\u00f3n (Urbanizaci\u00f3n y Reparcelaci\u00f3n) DESCRIPCI\u00d3N Y \u00c1MBITO DE APLICACI\u00d3N:\u00a0Reparcelaci\u00f3n y Urbanizaci\u00f3n del sector 34.2 situado en el n\u00facleo de Ivanrey. PROMOTOR: Residencial Ivanrey S.L: PUNTO DE INFORMACI\u00d3N:\u00a0Ayuntamiento de Ciudad Rodrigo. Plaza Mayor 27. Primera planta. Servicio de Urbanismo. APROBACI\u00d3N INICIAL: ACUERDO: Junta de Gobierno Local de fecha 20 de mayo de 2016 PUBLICACI\u00d3N [&hellip;]<\/p>\n","protected":false},"author":6,"featured_media":0,"comment_status":"closed","ping_status":"closed","sticky":false,"template":"","format":"standard","meta":{"footnotes":""},"categories":[153],"tags":[],"class_list":["post-10765","post","type-post","status-publish","format-standard","hentry","category-normativa-urbanistica-de-aplicacion-gestion"],"_links":{"self":[{"href":"https:\/\/www.ciudadrodrigo.es\/ayuntamiento\/wp-json\/wp\/v2\/posts\/10765","targetHints":{"allow":["GET"]}}],"collection":[{"href":"https:\/\/www.ciudadrodrigo.es\/ayuntamiento\/wp-json\/wp\/v2\/posts"}],"about":[{"href":"https:\/\/www.ciudadrodrigo.es\/ayuntamiento\/wp-json\/wp\/v2\/types\/post"}],"author":[{"embeddable":true,"href":"https:\/\/www.ciudadrodrigo.es\/ayuntamiento\/wp-json\/wp\/v2\/users\/6"}],"replies":[{"embeddable":true,"href":"https:\/\/www.ciudadrodrigo.es\/ayuntamiento\/wp-json\/wp\/v2\/comments?post=10765"}],"version-history":[{"count":6,"href":"https:\/\/www.ciudadrodrigo.es\/ayuntamiento\/wp-json\/wp\/v2\/posts\/10765\/revisions"}],"predecessor-version":[{"id":10773,"href":"https:\/\/www.ciudadrodrigo.es\/ayuntamiento\/wp-json\/wp\/v2\/posts\/10765\/revisions\/10773"}],"wp:attachment":[{"href":"https:\/\/www.ciudadrodrigo.es\/ayuntamiento\/wp-json\/wp\/v2\/media?parent=10765"}],"wp:term":[{"taxonomy":"category","embeddable":true,"href":"https:\/\/www.ciudadrodrigo.es\/ayuntamiento\/wp-json\/wp\/v2\/categories?post=10765"},{"taxonomy":"post_tag","embeddable":true,"href":"https:\/\/www.ciudadrodrigo.es\/ayuntamiento\/wp-json\/wp\/v2\/tags?post=10765"}],"curies":[{"name":"wp","href":"https:\/\/api.w.org\/{rel}","templated":true}]}}