{"id":11009,"date":"2021-06-24T08:54:54","date_gmt":"2021-06-24T06:54:54","guid":{"rendered":"https:\/\/www.ciudadrodrigo.es\/ayuntamiento\/?p=11009"},"modified":"2025-02-17T09:38:01","modified_gmt":"2025-02-17T08:38:01","slug":"plan-parcial-sector-23-1","status":"publish","type":"post","link":"https:\/\/www.ciudadrodrigo.es\/ayuntamiento\/plan-parcial-sector-23-1\/","title":{"rendered":"Plan Parcial Sector 23.1"},"content":{"rendered":"<p><strong>Plan Parcial Sector 23.1<\/strong><\/p>\n<p><em><strong>CATEGOR\u00cdA:<\/strong><\/em> Plan Parcial.<br \/>\n<em><strong>ACUERDO (\u00f3rgano y fechas):<\/strong><\/em> Aprobaci\u00f3n Inicial, acuerdo plenario de 09\/06\/2021. Aprobaci\u00f3n Definitiva, acuerdo de Pleno de 04\/06\/20021<br \/>\n<em><strong>DESCRIPCI\u00d3N Y \u00c1MBITO DE APLICACI\u00d3N:<\/strong><\/em> Plan Parcial zona del acceso norte de Ciudad Rodrigo procedente de la autov\u00eda A-62 Burgos-Portugal.<br \/>\n<em><strong>PROMOTOR:<\/strong><\/em> Ayuntamiento.<br \/>\n<em><strong>PUNTO DE INFORMACI\u00d3N:<\/strong><\/em>\u00a0Ayuntamiento de Ciudad Rodrigo. Plaza Mayor 27. Primera planta. Servicio de Urbanismo.<br \/>\n<strong><em>FECHAS DE PUBLICACI\u00d3N:<\/em><\/strong> <a href=\"https:\/\/bocyl.jcyl.es\/boletines\/2021\/06\/28\/pdf\/BOCYL-D-28062021-18.pdf\" target=\"_blank\" rel=\"noopener noreferrer\">BOCYL 28\/09\/2021<\/a><\/p>\n<p><span style=\"text-decoration: underline;\"><em><strong><br \/>\nDOCUMENTOS:<\/strong><\/em><\/span><\/p>\n<table style=\"height: 51px;\" width=\"192\">\n<tbody>\n<tr style=\"height: 45px;\">\n<td style=\"width: 29px; text-align: left; vertical-align: middle; height: 45px;\"><img loading=\"lazy\" decoding=\"async\" class=\"alignleft size-full wp-image-2515\" src=\"http:\/\/www.ciudadrodrigo.es\/ayuntamiento\/wp-content\/uploads\/2018\/04\/iconoDescargaPdf.png\" alt=\"iconodescargapdf\" width=\"30\" height=\"30\" \/><\/td>\n<td style=\"width: 495px; height: 45px;\">\u00a0<a href=\"https:\/\/www.ciudadrodrigo.es\/ayuntamiento\/wp-content\/uploads\/2021\/06\/DOCUMENTACI\u00d3N-APROBACI\u00d3N-DEFINITIVA.pdf\" target=\"_blank\" rel=\"noopener noreferrer\">DOCUMENTACI\u00d3N APROBACI\u00d3N DEFINITIVA<\/a><\/td>\n<\/tr>\n<\/tbody>\n<\/table>\n<p>&nbsp;<\/p>\n","protected":false},"excerpt":{"rendered":"<p>Plan Parcial Sector 23.1 CATEGOR\u00cdA: Plan Parcial. ACUERDO (\u00f3rgano y fechas): Aprobaci\u00f3n Inicial, acuerdo plenario de 09\/06\/2021. Aprobaci\u00f3n Definitiva, acuerdo de Pleno de 04\/06\/20021 DESCRIPCI\u00d3N Y \u00c1MBITO DE APLICACI\u00d3N: Plan Parcial zona del acceso norte de Ciudad Rodrigo procedente de la autov\u00eda A-62 Burgos-Portugal. PROMOTOR: Ayuntamiento. PUNTO DE INFORMACI\u00d3N:\u00a0Ayuntamiento de Ciudad Rodrigo. Plaza Mayor 27. [&hellip;]<\/p>\n","protected":false},"author":6,"featured_media":0,"comment_status":"closed","ping_status":"closed","sticky":false,"template":"","format":"standard","meta":{"footnotes":""},"categories":[152],"tags":[],"class_list":["post-11009","post","type-post","status-publish","format-standard","hentry","category-normativa-urbanistica-de-aplicacion-planeamiento"],"_links":{"self":[{"href":"https:\/\/www.ciudadrodrigo.es\/ayuntamiento\/wp-json\/wp\/v2\/posts\/11009","targetHints":{"allow":["GET"]}}],"collection":[{"href":"https:\/\/www.ciudadrodrigo.es\/ayuntamiento\/wp-json\/wp\/v2\/posts"}],"about":[{"href":"https:\/\/www.ciudadrodrigo.es\/ayuntamiento\/wp-json\/wp\/v2\/types\/post"}],"author":[{"embeddable":true,"href":"https:\/\/www.ciudadrodrigo.es\/ayuntamiento\/wp-json\/wp\/v2\/users\/6"}],"replies":[{"embeddable":true,"href":"https:\/\/www.ciudadrodrigo.es\/ayuntamiento\/wp-json\/wp\/v2\/comments?post=11009"}],"version-history":[{"count":6,"href":"https:\/\/www.ciudadrodrigo.es\/ayuntamiento\/wp-json\/wp\/v2\/posts\/11009\/revisions"}],"predecessor-version":[{"id":11054,"href":"https:\/\/www.ciudadrodrigo.es\/ayuntamiento\/wp-json\/wp\/v2\/posts\/11009\/revisions\/11054"}],"wp:attachment":[{"href":"https:\/\/www.ciudadrodrigo.es\/ayuntamiento\/wp-json\/wp\/v2\/media?parent=11009"}],"wp:term":[{"taxonomy":"category","embeddable":true,"href":"https:\/\/www.ciudadrodrigo.es\/ayuntamiento\/wp-json\/wp\/v2\/categories?post=11009"},{"taxonomy":"post_tag","embeddable":true,"href":"https:\/\/www.ciudadrodrigo.es\/ayuntamiento\/wp-json\/wp\/v2\/tags?post=11009"}],"curies":[{"name":"wp","href":"https:\/\/api.w.org\/{rel}","templated":true}]}}