{"id":11056,"date":"2021-06-28T13:02:04","date_gmt":"2021-06-28T11:02:04","guid":{"rendered":"https:\/\/www.ciudadrodrigo.es\/ayuntamiento\/?p=11056"},"modified":"2021-07-05T08:33:33","modified_gmt":"2021-07-05T06:33:33","slug":"autorizacion-de-uso-excepcional-en-suelo-rustico-para-la-creacion-de-un-paseo-en-la-zona-de-la-antigua-carretera-n-620-hoy-de-titularidad-municipal-y-via-pecuaria-canada-real-de-extremadura-en-su-a","status":"publish","type":"post","link":"https:\/\/www.ciudadrodrigo.es\/ayuntamiento\/autorizacion-de-uso-excepcional-en-suelo-rustico-para-la-creacion-de-un-paseo-en-la-zona-de-la-antigua-carretera-n-620-hoy-de-titularidad-municipal-y-via-pecuaria-canada-real-de-extremadura-en-su-a\/","title":{"rendered":"Autorizaci\u00f3n de uso excepcional en suelo r\u00fastico para la creaci\u00f3n de un paseo, en la zona de la antigua carretera N-620, hoy de titularidad municipal y v\u00eda pecuaria Ca\u00f1ada Real de Extremadura, en su acceso norte a Ciudad Rodrigo"},"content":{"rendered":"<p><strong>\u00d3RGANO QUE ORDENA LA PUBLICACI\u00d3N<\/strong>: Alcald\u00eda.<br \/>\n<strong>PUBLICACI\u00d3N WEB<\/strong>: 28\/06\/2021<br \/>\n<strong>PUBLICACI\u00d3N PRENSA<\/strong>: La Gaceta 29\/06\/2021<br \/>\n<strong>PUBLICACI\u00d3N BOCYL<\/strong>:\u00a0\u00a0 <a href=\"https:\/\/bocyl.jcyl.es\/boletines\/2021\/07\/05\/pdf\/BOCYL-D-05072021-21.pdf\" target=\"_blank\" rel=\"noopener noreferrer\">05\/07\/2021<\/a><br \/>\n<strong>PRESENTACI\u00d3N DE ALEGACIONES<\/strong>: 20 d\u00edas h\u00e1biles a contar desde el siguiente a la \u00faltima de las publicaciones. Hasta el 2 de agosto de 2021<\/p>\n<p>DOCUMENTOS:<\/p>\n<table style=\"width: 100%; border-collapse: collapse;\" border=\"1\">\n<tbody>\n<tr>\n<td style=\"width: 5.85%;\"><img loading=\"lazy\" decoding=\"async\" class=\"alignnone size-full wp-image-2515\" src=\"https:\/\/www.ciudadrodrigo.es\/ayuntamiento\/wp-content\/uploads\/2018\/04\/iconoDescargaPdf.png\" alt=\"\" width=\"30\" height=\"30\" \/><\/td>\n<td style=\"width: 40.49%;\"><a href=\"https:\/\/www.ciudadrodrigo.es\/ayuntamiento\/wp-content\/uploads\/2021\/06\/EXPEDIENTE-COMPLETO.pdf\" target=\"_blank\" rel=\"noopener noreferrer\">EXPEDIENTE COMPLETO<\/a><\/td>\n<\/tr>\n<\/tbody>\n<\/table>\n<p>&nbsp;<\/p>\n","protected":false},"excerpt":{"rendered":"<p>\u00d3RGANO QUE ORDENA LA PUBLICACI\u00d3N: Alcald\u00eda. PUBLICACI\u00d3N WEB: 28\/06\/2021 PUBLICACI\u00d3N PRENSA: La Gaceta 29\/06\/2021 PUBLICACI\u00d3N BOCYL:\u00a0\u00a0 05\/07\/2021 PRESENTACI\u00d3N DE ALEGACIONES: 20 d\u00edas h\u00e1biles a contar desde el siguiente a la \u00faltima de las publicaciones. Hasta el 2 de agosto de 2021 DOCUMENTOS: EXPEDIENTE COMPLETO &nbsp;<\/p>\n","protected":false},"author":4,"featured_media":0,"comment_status":"closed","ping_status":"closed","sticky":false,"template":"","format":"standard","meta":{"footnotes":""},"categories":[151],"tags":[],"class_list":["post-11056","post","type-post","status-publish","format-standard","hentry","category-urbanismo-autorizaciones-de-uso-excepcional"],"_links":{"self":[{"href":"https:\/\/www.ciudadrodrigo.es\/ayuntamiento\/wp-json\/wp\/v2\/posts\/11056","targetHints":{"allow":["GET"]}}],"collection":[{"href":"https:\/\/www.ciudadrodrigo.es\/ayuntamiento\/wp-json\/wp\/v2\/posts"}],"about":[{"href":"https:\/\/www.ciudadrodrigo.es\/ayuntamiento\/wp-json\/wp\/v2\/types\/post"}],"author":[{"embeddable":true,"href":"https:\/\/www.ciudadrodrigo.es\/ayuntamiento\/wp-json\/wp\/v2\/users\/4"}],"replies":[{"embeddable":true,"href":"https:\/\/www.ciudadrodrigo.es\/ayuntamiento\/wp-json\/wp\/v2\/comments?post=11056"}],"version-history":[{"count":3,"href":"https:\/\/www.ciudadrodrigo.es\/ayuntamiento\/wp-json\/wp\/v2\/posts\/11056\/revisions"}],"predecessor-version":[{"id":11102,"href":"https:\/\/www.ciudadrodrigo.es\/ayuntamiento\/wp-json\/wp\/v2\/posts\/11056\/revisions\/11102"}],"wp:attachment":[{"href":"https:\/\/www.ciudadrodrigo.es\/ayuntamiento\/wp-json\/wp\/v2\/media?parent=11056"}],"wp:term":[{"taxonomy":"category","embeddable":true,"href":"https:\/\/www.ciudadrodrigo.es\/ayuntamiento\/wp-json\/wp\/v2\/categories?post=11056"},{"taxonomy":"post_tag","embeddable":true,"href":"https:\/\/www.ciudadrodrigo.es\/ayuntamiento\/wp-json\/wp\/v2\/tags?post=11056"}],"curies":[{"name":"wp","href":"https:\/\/api.w.org\/{rel}","templated":true}]}}