{"id":11424,"date":"2021-08-23T09:51:38","date_gmt":"2021-08-23T07:51:38","guid":{"rendered":"https:\/\/www.ciudadrodrigo.es\/ayuntamiento\/?p=11424"},"modified":"2021-08-30T08:48:16","modified_gmt":"2021-08-30T06:48:16","slug":"autorizacion-de-uso-excepcional-para-rehabilitacion-de-vivienda-y-sustitucion-de-cubierta-de-almacen-en-extrarradio-1","status":"publish","type":"post","link":"https:\/\/www.ciudadrodrigo.es\/ayuntamiento\/autorizacion-de-uso-excepcional-para-rehabilitacion-de-vivienda-y-sustitucion-de-cubierta-de-almacen-en-extrarradio-1\/","title":{"rendered":"Autorizaci\u00f3n de uso excepcional para rehabilitaci\u00f3n de vivienda y sustituci\u00f3n de cubierta de almac\u00e9n en Extrarradio 1"},"content":{"rendered":"<p><strong>\u00d3RGANO QUE ORDENA LA PUBLICACI\u00d3N<\/strong>: Alcald\u00eda.<br \/>\n<strong>PUBLICACI\u00d3N WEB<\/strong>: 23\/08\/2021<br \/>\n<strong>PUBLICACI\u00d3N BOCYL<\/strong>:\u00a0\u00a0\u00a0\u00a0<a href=\"https:\/\/bocyl.jcyl.es\/boletines\/2021\/08\/30\/pdf\/BOCYL-D-30082021-13.pdf\" target=\"_blank\" rel=\"noopener noreferrer\"> 30\/08\/2021<\/a><br \/>\n<strong>PUBLICACI\u00d3N PRENSA<\/strong>: La Gaceta de 25\/08\/2021<br \/>\n<strong>PRESENTACI\u00d3N DE ALEGACIONES<\/strong>: 20 d\u00edas h\u00e1biles a contar desde el siguiente a la \u00faltima de las publicaciones. Hasta el 28 de septiembre de 2021.<\/p>\n<p><strong>DOCUMENTOS<\/strong>:<\/p>\n<table style=\"width: 13.67%; height: 40px; border-collapse: collapse;\" border=\"1\">\n<tbody>\n<tr style=\"height: 37px;\">\n<td style=\"width: 2.34%; height: 37px;\"><img loading=\"lazy\" decoding=\"async\" class=\"alignnone size-full wp-image-2515\" src=\"https:\/\/www.ciudadrodrigo.es\/ayuntamiento\/wp-content\/uploads\/2018\/04\/iconoDescargaPdf.png\" alt=\"\" width=\"30\" height=\"30\" \/><\/td>\n<td style=\"width: 128.29%; height: 37px;\"><a href=\"https:\/\/www.ciudadrodrigo.es\/ayuntamiento\/wp-content\/uploads\/2021\/08\/EXPEDIENTE.pdf\" target=\"_blank\" rel=\"noopener noreferrer\">EXPEDIENTE<\/a><\/td>\n<\/tr>\n<tr>\n<td style=\"width: 2.34%;\"><img loading=\"lazy\" decoding=\"async\" class=\"alignnone size-full wp-image-2515\" src=\"https:\/\/www.ciudadrodrigo.es\/ayuntamiento\/wp-content\/uploads\/2018\/04\/iconoDescargaPdf.png\" alt=\"\" width=\"30\" height=\"30\" \/><\/td>\n<td style=\"width: 128.29%;\"><a href=\"https:\/\/www.ciudadrodrigo.es\/ayuntamiento\/wp-content\/uploads\/2021\/08\/ANUNCIO-BOCYL.pdf\" target=\"_blank\" rel=\"noopener noreferrer\">ANUNCIO BOCYL<\/a><\/td>\n<\/tr>\n<\/tbody>\n<\/table>\n<p>&nbsp;<\/p>\n","protected":false},"excerpt":{"rendered":"<p>\u00d3RGANO QUE ORDENA LA PUBLICACI\u00d3N: Alcald\u00eda. PUBLICACI\u00d3N WEB: 23\/08\/2021 PUBLICACI\u00d3N BOCYL:\u00a0\u00a0\u00a0\u00a0 30\/08\/2021 PUBLICACI\u00d3N PRENSA: La Gaceta de 25\/08\/2021 PRESENTACI\u00d3N DE ALEGACIONES: 20 d\u00edas h\u00e1biles a contar desde el siguiente a la \u00faltima de las publicaciones. Hasta el 28 de septiembre de 2021. DOCUMENTOS: EXPEDIENTE ANUNCIO BOCYL &nbsp;<\/p>\n","protected":false},"author":4,"featured_media":0,"comment_status":"closed","ping_status":"closed","sticky":false,"template":"","format":"standard","meta":{"footnotes":""},"categories":[151],"tags":[],"class_list":["post-11424","post","type-post","status-publish","format-standard","hentry","category-urbanismo-autorizaciones-de-uso-excepcional"],"_links":{"self":[{"href":"https:\/\/www.ciudadrodrigo.es\/ayuntamiento\/wp-json\/wp\/v2\/posts\/11424","targetHints":{"allow":["GET"]}}],"collection":[{"href":"https:\/\/www.ciudadrodrigo.es\/ayuntamiento\/wp-json\/wp\/v2\/posts"}],"about":[{"href":"https:\/\/www.ciudadrodrigo.es\/ayuntamiento\/wp-json\/wp\/v2\/types\/post"}],"author":[{"embeddable":true,"href":"https:\/\/www.ciudadrodrigo.es\/ayuntamiento\/wp-json\/wp\/v2\/users\/4"}],"replies":[{"embeddable":true,"href":"https:\/\/www.ciudadrodrigo.es\/ayuntamiento\/wp-json\/wp\/v2\/comments?post=11424"}],"version-history":[{"count":6,"href":"https:\/\/www.ciudadrodrigo.es\/ayuntamiento\/wp-json\/wp\/v2\/posts\/11424\/revisions"}],"predecessor-version":[{"id":11452,"href":"https:\/\/www.ciudadrodrigo.es\/ayuntamiento\/wp-json\/wp\/v2\/posts\/11424\/revisions\/11452"}],"wp:attachment":[{"href":"https:\/\/www.ciudadrodrigo.es\/ayuntamiento\/wp-json\/wp\/v2\/media?parent=11424"}],"wp:term":[{"taxonomy":"category","embeddable":true,"href":"https:\/\/www.ciudadrodrigo.es\/ayuntamiento\/wp-json\/wp\/v2\/categories?post=11424"},{"taxonomy":"post_tag","embeddable":true,"href":"https:\/\/www.ciudadrodrigo.es\/ayuntamiento\/wp-json\/wp\/v2\/tags?post=11424"}],"curies":[{"name":"wp","href":"https:\/\/api.w.org\/{rel}","templated":true}]}}