{"id":11568,"date":"2021-09-15T09:46:24","date_gmt":"2021-09-15T07:46:24","guid":{"rendered":"https:\/\/www.ciudadrodrigo.es\/ayuntamiento\/?p=11568"},"modified":"2021-11-02T12:44:38","modified_gmt":"2021-11-02T11:44:38","slug":"subvenciones-directas-programa-de-alojamientos-hoteleros-ciudad-rodrigo-2-x-1","status":"publish","type":"post","link":"https:\/\/www.ciudadrodrigo.es\/ayuntamiento\/subvenciones-directas-programa-de-alojamientos-hoteleros-ciudad-rodrigo-2-x-1\/","title":{"rendered":"Subvenciones directas: Programa de Alojamientos Hoteleros \u00abCiudad Rodrigo 2 x 1\u00bb"},"content":{"rendered":"<p>Informaci\u00f3n desde BDNS, <a href=\"https:\/\/www.pap.hacienda.gob.es\/bdnstrans\/L371073\/es\/convocatoria\/583776\" target=\"_blank\" rel=\"noopener noreferrer\"><em>ver aqu\u00ed\u00a0<\/em><\/a><\/p>\n<p>Publicaci\u00f3n: <em>B.O.P.\u00a0 \u00a0<a href=\"https:\/\/sede.diputaciondesalamanca.gob.es\/documentacion\/bop\/2021\/20210921\/BOP-SA-20210921-004.pdf\" target=\"_blank\" rel=\"noopener noreferrer\">21 Septiembre 2021<\/a><\/em><\/p>\n<p>Tramitaci\u00f3n Electr\u00f3nica: <a href=\"https:\/\/ciudadrodrigo.sedelectronica.es\/?x=z3OIvfcAqubOZvfhLSru89driZZgVqA9c6Tq7J*Q5*dprECsHxz44DJHu-43BRwnsn8ehOZNFS9dh1TRFNAeO*yleN5ru31RLw2wnOAMVGZmvTm*u6KiY8UA1N*fUeHS6lYPyj2Lp-88Iz8mNhg09xRlf3ngk86gOaO26be7gUGxaJXqEjLDRDn8Oi2ez7hNlDyVx0x4mFGBzBL0zWiGzA\" target=\"_blank\" rel=\"noopener noreferrer\">acceder aqu\u00ed<\/a><\/p>\n<table style=\"height: 44px;\" width=\"371\">\n<tbody>\n<tr style=\"height: 40px;\">\n<td style=\"width: 24px; text-align: left; vertical-align: middle; height: 40px;\"><img loading=\"lazy\" decoding=\"async\" class=\"alignleft size-full wp-image-2515\" src=\"http:\/\/www.ciudadrodrigo.es\/ayuntamiento\/wp-content\/uploads\/2018\/04\/iconoDescargaPdf.png\" alt=\"iconodescargapdf\" width=\"30\" height=\"30\" \/><\/td>\n<td style=\"width: 380px; height: 40px;\">\u00a0<a href=\"https:\/\/www.ciudadrodrigo.es\/ayuntamiento\/wp-content\/uploads\/2021\/09\/certificado-acuerdo-Reactivacion-Destino-Turistico-Programa-Ciudad-Rodrigo-2x1-1.pdf\" target=\"_blank\" rel=\"noopener noreferrer\">Certificado de Acuerdo<\/a><\/td>\n<\/tr>\n<tr style=\"height: 40px;\">\n<td style=\"width: 24px; text-align: left; vertical-align: middle; height: 40px;\"><img loading=\"lazy\" decoding=\"async\" class=\"alignleft size-full wp-image-2515\" src=\"http:\/\/www.ciudadrodrigo.es\/ayuntamiento\/wp-content\/uploads\/2018\/04\/iconoDescargaPdf.png\" alt=\"iconodescargapdf\" width=\"30\" height=\"30\" \/><\/td>\n<td style=\"width: 380px; height: 40px;\">\u00a0<a href=\"https:\/\/www.ciudadrodrigo.es\/ayuntamiento\/wp-content\/uploads\/2021\/09\/bases-de-la-convocatoria-certificado-acuerdo-Reactivacion-Destino-Turistico-Programa-Ciudad-Rodrigo-2x1-1.pdf\" target=\"_blank\" rel=\"noopener noreferrer\">Bases de la convocatoria<\/a><\/td>\n<\/tr>\n<tr>\n<td style=\"width: 24px; text-align: left; vertical-align: middle;\"><img loading=\"lazy\" decoding=\"async\" class=\"alignleft size-full wp-image-2515\" src=\"http:\/\/www.ciudadrodrigo.es\/ayuntamiento\/wp-content\/uploads\/2018\/04\/iconoDescargaPdf.png\" alt=\"iconodescargapdf\" width=\"30\" height=\"30\" \/><\/td>\n<td style=\"width: 380px;\">\u00a0<a href=\"https:\/\/www.ciudadrodrigo.es\/ayuntamiento\/wp-content\/uploads\/2021\/09\/Anexo-II-2x1-hoteles.pdf\" target=\"_blank\" rel=\"noopener noreferrer\">Formulario de Solicitud.<\/a><\/td>\n<\/tr>\n<\/tbody>\n<\/table>\n<h3><strong>Justificaci\u00f3n de la Subvenci\u00f3n:<\/strong><\/h3>\n<p>Tramitaci\u00f3n Electr\u00f3nica: <a href=\"https:\/\/ciudadrodrigo.sedelectronica.es\/?x=fvjWuWmRTV03SB1TmmuJU4XY4DQTvsrQaM5NZGtqyuCPBAQ8XNE7M7SUOCIzKxCEp-idb8l175W5myw166zbZ4k06OJXzwjKkhc474aykQx7JoLXDbivsV1L0*RQPevz-U-hWA2ghhNDLqetWKQJLMLik1dryoZ8NIBoxwjNWZ2*iBDMw-fuF7Qh7I1K6kXJj-3tDhHcPGoTGU*kq985pg\" target=\"_blank\" rel=\"noopener noreferrer\">acceder aqu\u00ed<\/a><\/p>\n<table style=\"height: 158px;\" width=\"759\">\n<tbody>\n<tr style=\"height: 40px;\">\n<td style=\"width: 25.6076px; text-align: left; vertical-align: middle; height: 40px;\"><img loading=\"lazy\" decoding=\"async\" class=\"alignleft size-full wp-image-2515\" src=\"http:\/\/www.ciudadrodrigo.es\/ayuntamiento\/wp-content\/uploads\/2018\/04\/iconoDescargaPdf.png\" alt=\"iconodescargapdf\" width=\"30\" height=\"30\" \/><\/td>\n<td style=\"width: 719.427px; height: 40px;\"><strong>\u00a0<a href=\"https:\/\/www.ciudadrodrigo.es\/ayuntamiento\/wp-content\/uploads\/2021\/11\/Anexo-III-2x1-hoteles.pdf\" target=\"_blank\" rel=\"noopener noreferrer\">Anexo III:<\/strong> JUSTIFICACION Subvenci\u00f3n: PROGRAMA \u201cCIUDAD RODRIGO 2 x 1\u201d<\/a><\/td>\n<\/tr>\n<tr style=\"height: 40px;\">\n<td style=\"width: 25.6076px; text-align: left; vertical-align: middle; height: 40px;\"><img loading=\"lazy\" decoding=\"async\" class=\"alignleft size-full wp-image-2515\" src=\"http:\/\/www.ciudadrodrigo.es\/ayuntamiento\/wp-content\/uploads\/2018\/04\/iconoDescargaPdf.png\" alt=\"iconodescargapdf\" width=\"30\" height=\"30\" \/><\/td>\n<td style=\"width: 719.427px; height: 40px;\">\u00a0<a href=\"https:\/\/www.ciudadrodrigo.es\/ayuntamiento\/wp-content\/uploads\/2021\/11\/Anexo-IV-2x1-hoteles.pdf\" target=\"_blank\" rel=\"noopener noreferrer\"><strong>Anexo IV:<\/strong> Declaraci\u00f3n de Ayudas y Subvenciones Concedidas.<\/a><\/td>\n<\/tr>\n<tr style=\"height: 39px;\">\n<td style=\"width: 25.6076px; text-align: left; vertical-align: middle; height: 39px;\"><img loading=\"lazy\" decoding=\"async\" class=\"alignleft size-full wp-image-2515\" src=\"http:\/\/www.ciudadrodrigo.es\/ayuntamiento\/wp-content\/uploads\/2018\/04\/iconoDescargaPdf.png\" alt=\"iconodescargapdf\" width=\"30\" height=\"30\" \/><\/td>\n<td style=\"width: 719.427px; height: 39px;\">\u00a0<a href=\"https:\/\/www.ciudadrodrigo.es\/ayuntamiento\/wp-content\/uploads\/2021\/11\/Anexo-V-2x1-hoteles.pdf\" target=\"_blank\" rel=\"noopener noreferrer\"><strong>Anexo V:<\/strong> Relaci\u00f3n detallada de pernoctaciones<\/a><\/td>\n<\/tr>\n<\/tbody>\n<\/table>\n<p>&nbsp;<\/p>\n","protected":false},"excerpt":{"rendered":"<p>Informaci\u00f3n desde BDNS, ver aqu\u00ed\u00a0 Publicaci\u00f3n: B.O.P.\u00a0 \u00a021 Septiembre 2021 Tramitaci\u00f3n Electr\u00f3nica: acceder aqu\u00ed \u00a0Certificado de Acuerdo \u00a0Bases de la convocatoria \u00a0Formulario de Solicitud. Justificaci\u00f3n de la Subvenci\u00f3n: Tramitaci\u00f3n Electr\u00f3nica: acceder aqu\u00ed \u00a0Anexo III: JUSTIFICACION Subvenci\u00f3n: PROGRAMA \u201cCIUDAD RODRIGO 2 x 1\u201d \u00a0Anexo IV: Declaraci\u00f3n de Ayudas y Subvenciones Concedidas. \u00a0Anexo V: Relaci\u00f3n detallada de [&hellip;]<\/p>\n","protected":false},"author":1,"featured_media":0,"comment_status":"closed","ping_status":"closed","sticky":false,"template":"","format":"standard","meta":{"footnotes":""},"categories":[148],"tags":[],"class_list":["post-11568","post","type-post","status-publish","format-standard","hentry","category-subvenciones"],"_links":{"self":[{"href":"https:\/\/www.ciudadrodrigo.es\/ayuntamiento\/wp-json\/wp\/v2\/posts\/11568","targetHints":{"allow":["GET"]}}],"collection":[{"href":"https:\/\/www.ciudadrodrigo.es\/ayuntamiento\/wp-json\/wp\/v2\/posts"}],"about":[{"href":"https:\/\/www.ciudadrodrigo.es\/ayuntamiento\/wp-json\/wp\/v2\/types\/post"}],"author":[{"embeddable":true,"href":"https:\/\/www.ciudadrodrigo.es\/ayuntamiento\/wp-json\/wp\/v2\/users\/1"}],"replies":[{"embeddable":true,"href":"https:\/\/www.ciudadrodrigo.es\/ayuntamiento\/wp-json\/wp\/v2\/comments?post=11568"}],"version-history":[{"count":11,"href":"https:\/\/www.ciudadrodrigo.es\/ayuntamiento\/wp-json\/wp\/v2\/posts\/11568\/revisions"}],"predecessor-version":[{"id":11924,"href":"https:\/\/www.ciudadrodrigo.es\/ayuntamiento\/wp-json\/wp\/v2\/posts\/11568\/revisions\/11924"}],"wp:attachment":[{"href":"https:\/\/www.ciudadrodrigo.es\/ayuntamiento\/wp-json\/wp\/v2\/media?parent=11568"}],"wp:term":[{"taxonomy":"category","embeddable":true,"href":"https:\/\/www.ciudadrodrigo.es\/ayuntamiento\/wp-json\/wp\/v2\/categories?post=11568"},{"taxonomy":"post_tag","embeddable":true,"href":"https:\/\/www.ciudadrodrigo.es\/ayuntamiento\/wp-json\/wp\/v2\/tags?post=11568"}],"curies":[{"name":"wp","href":"https:\/\/api.w.org\/{rel}","templated":true}]}}