{"id":12527,"date":"2022-03-07T09:13:07","date_gmt":"2022-03-07T08:13:07","guid":{"rendered":"https:\/\/www.ciudadrodrigo.es\/ayuntamiento\/?p=12527"},"modified":"2022-03-23T11:18:32","modified_gmt":"2022-03-23T10:18:32","slug":"autorizacion-de-uso-excepcional-en-suelo-rustico-para-sustitucion-de-cubierta-en-vivienda-existente-en-la-bajada-de-santa-cruz-6","status":"publish","type":"post","link":"https:\/\/www.ciudadrodrigo.es\/ayuntamiento\/autorizacion-de-uso-excepcional-en-suelo-rustico-para-sustitucion-de-cubierta-en-vivienda-existente-en-la-bajada-de-santa-cruz-6\/","title":{"rendered":"Autorizaci\u00f3n de uso excepcional en suelo r\u00fastico para sustituci\u00f3n de cubierta en vivienda existente en la Bajada de Santa Cruz 6"},"content":{"rendered":"<p><strong>\u00d3RGANO QUE ORDENA LA PUBLICACI\u00d3N<\/strong>: Alcald\u00eda.<br \/>\n<strong>PUBLICACI\u00d3N WEB<\/strong>: 7 de marzo de 2022<br \/>\n<strong>PUBLICACI\u00d3N BOCY<\/strong>L:\u00a0 \u00a0<a href=\"https:\/\/bocyl.jcyl.es\/boletines\/2022\/03\/11\/pdf\/BOCYL-D-11032022-22.pdf\" target=\"_blank\" rel=\"noopener\">11\/03\/2022<\/a><br \/>\n<strong>PUBLICACI\u00d3N PRENSA<\/strong>: 12\/03\/2022<br \/>\n<strong>PRESENTACI\u00d3N DE ALEGACIONES<\/strong>: 20 d\u00edas h\u00e1biles a contar desde la \u00faltima de las publicaciones. Hasta el 8 de abril de 2022.<\/p>\n<p><strong><span style=\"text-decoration: underline;\">DOCUMENTOS<\/span><\/strong>:<\/p>\n<table style=\"border-collapse: collapse; width: 54.1697%; height: 28px;\" border=\"1\">\n<tbody>\n<tr>\n<td style=\"width: 9.37082%;\"><img loading=\"lazy\" decoding=\"async\" class=\"alignnone size-full wp-image-2515\" src=\"https:\/\/www.ciudadrodrigo.es\/ayuntamiento\/wp-content\/uploads\/2018\/04\/iconoDescargaPdf.png\" alt=\"\" width=\"30\" height=\"30\" \/><\/td>\n<td style=\"width: 90.6292%;\"><a href=\"https:\/\/www.ciudadrodrigo.es\/ayuntamiento\/wp-content\/uploads\/2022\/03\/EXPEDIENTE-COMPLETO-CARLOS-GARCIA-FELIX.pdf\" target=\"_blank\" rel=\"noopener\">EXPEDIENTE<\/a><\/td>\n<\/tr>\n<tr>\n<td style=\"width: 9.37082%;\"><img loading=\"lazy\" decoding=\"async\" class=\"alignnone size-full wp-image-2515\" src=\"https:\/\/www.ciudadrodrigo.es\/ayuntamiento\/wp-content\/uploads\/2018\/04\/iconoDescargaPdf.png\" alt=\"\" width=\"30\" height=\"30\" \/><\/td>\n<td style=\"width: 90.6292%;\"><a href=\"https:\/\/www.ciudadrodrigo.es\/ayuntamiento\/wp-content\/uploads\/2022\/03\/ANUNCIO-BOCYL.pdf\" target=\"_blank\" rel=\"noopener\">ANUNCIO<\/a><\/td>\n<\/tr>\n<\/tbody>\n<\/table>\n<p>&nbsp;<\/p>\n","protected":false},"excerpt":{"rendered":"<p>\u00d3RGANO QUE ORDENA LA PUBLICACI\u00d3N: Alcald\u00eda. PUBLICACI\u00d3N WEB: 7 de marzo de 2022 PUBLICACI\u00d3N BOCYL:\u00a0 \u00a011\/03\/2022 PUBLICACI\u00d3N PRENSA: 12\/03\/2022 PRESENTACI\u00d3N DE ALEGACIONES: 20 d\u00edas h\u00e1biles a contar desde la \u00faltima de las publicaciones. Hasta el 8 de abril de 2022. DOCUMENTOS: EXPEDIENTE ANUNCIO &nbsp;<\/p>\n","protected":false},"author":4,"featured_media":0,"comment_status":"closed","ping_status":"closed","sticky":false,"template":"","format":"standard","meta":{"footnotes":""},"categories":[151],"tags":[],"class_list":["post-12527","post","type-post","status-publish","format-standard","hentry","category-urbanismo-autorizaciones-de-uso-excepcional"],"_links":{"self":[{"href":"https:\/\/www.ciudadrodrigo.es\/ayuntamiento\/wp-json\/wp\/v2\/posts\/12527","targetHints":{"allow":["GET"]}}],"collection":[{"href":"https:\/\/www.ciudadrodrigo.es\/ayuntamiento\/wp-json\/wp\/v2\/posts"}],"about":[{"href":"https:\/\/www.ciudadrodrigo.es\/ayuntamiento\/wp-json\/wp\/v2\/types\/post"}],"author":[{"embeddable":true,"href":"https:\/\/www.ciudadrodrigo.es\/ayuntamiento\/wp-json\/wp\/v2\/users\/4"}],"replies":[{"embeddable":true,"href":"https:\/\/www.ciudadrodrigo.es\/ayuntamiento\/wp-json\/wp\/v2\/comments?post=12527"}],"version-history":[{"count":4,"href":"https:\/\/www.ciudadrodrigo.es\/ayuntamiento\/wp-json\/wp\/v2\/posts\/12527\/revisions"}],"predecessor-version":[{"id":12633,"href":"https:\/\/www.ciudadrodrigo.es\/ayuntamiento\/wp-json\/wp\/v2\/posts\/12527\/revisions\/12633"}],"wp:attachment":[{"href":"https:\/\/www.ciudadrodrigo.es\/ayuntamiento\/wp-json\/wp\/v2\/media?parent=12527"}],"wp:term":[{"taxonomy":"category","embeddable":true,"href":"https:\/\/www.ciudadrodrigo.es\/ayuntamiento\/wp-json\/wp\/v2\/categories?post=12527"},{"taxonomy":"post_tag","embeddable":true,"href":"https:\/\/www.ciudadrodrigo.es\/ayuntamiento\/wp-json\/wp\/v2\/tags?post=12527"}],"curies":[{"name":"wp","href":"https:\/\/api.w.org\/{rel}","templated":true}]}}