{"id":13339,"date":"2022-07-11T09:54:53","date_gmt":"2022-07-11T07:54:53","guid":{"rendered":"https:\/\/www.ciudadrodrigo.es\/ayuntamiento\/?p=13339"},"modified":"2022-12-16T12:02:13","modified_gmt":"2022-12-16T11:02:13","slug":"4-plazas-de-administrativo-por-promocion-interna","status":"publish","type":"post","link":"https:\/\/www.ciudadrodrigo.es\/ayuntamiento\/4-plazas-de-administrativo-por-promocion-interna\/","title":{"rendered":"4 plazas de Administrativo por promoci\u00f3n interna"},"content":{"rendered":"<p><strong>R\u00c9GIMEN<\/strong>: funcionario de carrera<br \/>\n<strong>SISTEMA DE SELECCI\u00d3N<\/strong>: promoci\u00f3n interna.<br \/>\n<strong>PUBLICACI\u00d3N BOP<\/strong>:\u00a0 \u00a0 <a href=\"https:\/\/sede.diputaciondesalamanca.gob.es\/documentacion\/bop\/2022\/20220630\/BOP-SA-20220630-007.pdf\" target=\"_blank\" rel=\"noopener\">30\/06\/2022<\/a><br \/>\n<strong>PUBLICACI\u00d3N BOCYL<\/strong>:\u00a0 <a href=\"https:\/\/bocyl.jcyl.es\/boletines\/2022\/06\/28\/pdf\/BOCYL-D-28062022-28.pdf\" target=\"_blank\" rel=\"noopener\">28\/06\/2022<\/a><br \/>\n<strong>PUBLICACI\u00d3N BOE<\/strong>:\u00a0 \u00a0<a href=\"https:\/\/www.boe.es\/boe\/dias\/2022\/07\/08\/pdfs\/BOE-A-2022-11348.pdf\" target=\"_blank\" rel=\"noopener\">08\/07\/2022<\/a><br \/>\n<strong>PRESENTACI\u00d3N DE SOLICITUDES<\/strong>: 20 d\u00edas h\u00e1biles, a contar desde el siguiente al de la publicaci\u00f3n en extracto en el BOE.\u00a0<strong>Del 11 de julio al 5 de agosto.<\/strong><\/p>\n<p><strong><span style=\"text-decoration: underline;\">RELACI\u00d3N PROVISIONAL DE ADMITIDOS Y EXCLUIDOS:<\/span><\/strong> Descargar de documentos adjuntos.<br \/>\n<strong>PUBLICACI\u00d3N BOP<\/strong>:\u00a0 <a href=\"https:\/\/sede.diputaciondesalamanca.gob.es\/documentacion\/bop\/2022\/20220830\/BOP-SA-20220830-005.pdf\" target=\"_blank\" rel=\"noopener\">30\/08\/2022<\/a><br \/>\n<strong>PRESENTACI\u00d3N DE ALEGACIONES:<\/strong> 10 d\u00edas h\u00e1biles, a contar desde el siguiente a la publicaci\u00f3n del anuncio en el BOP. Hasta el 15 de Septiembre de 2022<\/p>\n<p><strong><span style=\"text-decoration: underline;\">RELACI\u00d3N DEFINITIVA DE ADMITIDOS Y EXCLUIDOS<\/span><\/strong>: Descargar de documentos adjuntos.<br \/>\n<strong>PUBLICACI\u00d3N BOP<\/strong>: <a href=\"https:\/\/sede.diputaciondesalamanca.gob.es\/opencms\/opencms\/sede\/BOP\/\" target=\"_blank\" rel=\"noopener\">07\/11\/2022<\/a><\/p>\n<p><strong><span style=\"text-decoration: underline;\">FASE DE CONCURSO<\/span><\/strong>: Descargar de documentos adjuntos.<\/p>\n<p><strong><span style=\"text-decoration: underline;\">FASE DE OPOSICI\u00d3N<\/span><\/strong>. Descargar de documentos adjuntos. Presentaci\u00f3n de alegaciones 5 d\u00edas h\u00e1biles, hasta 23 de Diciembre de 2022.<\/p>\n<p><strong><span style=\"text-decoration: underline;\">DOCUMENTOS:<\/span><\/strong><\/p>\n<table style=\"border-collapse: collapse; width: 28.789%; height: 24px;\" border=\"1\">\n<tbody>\n<tr>\n<td style=\"width: 17.229%;\"><img loading=\"lazy\" decoding=\"async\" class=\"alignnone size-full wp-image-2515\" src=\"https:\/\/www.ciudadrodrigo.es\/ayuntamiento\/wp-content\/uploads\/2018\/04\/iconoDescargaPdf.png\" alt=\"\" width=\"30\" height=\"30\" \/><\/td>\n<td style=\"width: 82.771%;\"><a href=\"https:\/\/www.ciudadrodrigo.es\/ayuntamiento\/wp-content\/uploads\/2022\/07\/ANUNCIO-BASES.pdf\" target=\"_blank\" rel=\"noopener\">BASES DE LA CONVOCATORIA<\/a><\/td>\n<\/tr>\n<tr>\n<td style=\"width: 17.229%;\"><img loading=\"lazy\" decoding=\"async\" class=\"alignnone size-full wp-image-2609\" src=\"https:\/\/www.ciudadrodrigo.es\/ayuntamiento\/wp-content\/uploads\/2018\/05\/iconoDescargaWord_peq.png\" alt=\"\" width=\"30\" height=\"30\" \/><\/td>\n<td style=\"width: 82.771%;\"><a href=\"https:\/\/www.ciudadrodrigo.es\/ayuntamiento\/wp-content\/uploads\/2022\/07\/INSTANCIA.docx\" target=\"_blank\" rel=\"noopener\">INSTANCIA<\/a><\/td>\n<\/tr>\n<tr>\n<td style=\"width: 17.229%;\"><img loading=\"lazy\" decoding=\"async\" class=\"alignnone size-full wp-image-2515\" src=\"https:\/\/www.ciudadrodrigo.es\/ayuntamiento\/wp-content\/uploads\/2018\/04\/iconoDescargaPdf.png\" alt=\"\" width=\"30\" height=\"30\" \/><\/td>\n<td style=\"width: 82.771%;\"><a href=\"https:\/\/www.ciudadrodrigo.es\/ayuntamiento\/wp-content\/uploads\/2022\/08\/Anuncio-admitidos-provisional-tablon-y-sede.pdf\" target=\"_blank\" rel=\"noopener\">RELACI\u00d3N PROVISIONAL DE ADMITIDOS<\/a><\/td>\n<\/tr>\n<tr>\n<td style=\"width: 17.229%;\"><img loading=\"lazy\" decoding=\"async\" class=\"alignnone size-full wp-image-2515\" src=\"https:\/\/www.ciudadrodrigo.es\/ayuntamiento\/wp-content\/uploads\/2018\/04\/iconoDescargaPdf.png\" alt=\"\" width=\"30\" height=\"30\" \/><\/td>\n<td style=\"width: 82.771%;\"><a href=\"https:\/\/www.ciudadrodrigo.es\/ayuntamiento\/wp-content\/uploads\/2022\/10\/ANUNCIO-SEDE-Y-TABLON-LISTADO-DEFINITIVO-DE-ADMITIDOS.pdf\" target=\"_blank\" rel=\"noopener\">RELACI\u00d3N DEFINITIVA DE ADMITIDOS<\/a><\/td>\n<\/tr>\n<tr>\n<td style=\"width: 17.229%;\"><img loading=\"lazy\" decoding=\"async\" class=\"alignnone size-full wp-image-2515\" src=\"https:\/\/www.ciudadrodrigo.es\/ayuntamiento\/wp-content\/uploads\/2018\/04\/iconoDescargaPdf.png\" alt=\"\" width=\"30\" height=\"30\" \/><\/td>\n<td style=\"width: 82.771%;\"><a href=\"https:\/\/www.ciudadrodrigo.es\/ayuntamiento\/wp-content\/uploads\/2022\/12\/ANUNCIO-BAREMACION-FASE-CONCURSO-1.pdf\" target=\"_blank\" rel=\"noopener\">BAREMACI\u00d3N FASE DE CONCURSO<\/a><\/td>\n<\/tr>\n<tr>\n<td style=\"width: 17.229%;\"><img loading=\"lazy\" decoding=\"async\" class=\"alignnone size-full wp-image-2515\" src=\"https:\/\/www.ciudadrodrigo.es\/ayuntamiento\/wp-content\/uploads\/2018\/04\/iconoDescargaPdf.png\" alt=\"\" width=\"30\" height=\"30\" \/><\/td>\n<td style=\"width: 82.771%;\"><a href=\"https:\/\/www.ciudadrodrigo.es\/ayuntamiento\/wp-content\/uploads\/2022\/12\/Anuncio-notas-fase-de-oposicion.pdf\" target=\"_blank\" rel=\"noopener\">ANUNCIO FASE CONCURSO<\/a><\/td>\n<\/tr>\n<\/tbody>\n<\/table>\n<p>&nbsp;<\/p>\n","protected":false},"excerpt":{"rendered":"<p>R\u00c9GIMEN: funcionario de carrera SISTEMA DE SELECCI\u00d3N: promoci\u00f3n interna. PUBLICACI\u00d3N BOP:\u00a0 \u00a0 30\/06\/2022 PUBLICACI\u00d3N BOCYL:\u00a0 28\/06\/2022 PUBLICACI\u00d3N BOE:\u00a0 \u00a008\/07\/2022 PRESENTACI\u00d3N DE SOLICITUDES: 20 d\u00edas h\u00e1biles, a contar desde el siguiente al de la publicaci\u00f3n en extracto en el BOE.\u00a0Del 11 de julio al 5 de agosto. RELACI\u00d3N PROVISIONAL DE ADMITIDOS Y EXCLUIDOS: Descargar de documentos [&hellip;]<\/p>\n","protected":false},"author":4,"featured_media":0,"comment_status":"closed","ping_status":"closed","sticky":false,"template":"","format":"standard","meta":{"footnotes":""},"categories":[150],"tags":[],"class_list":["post-13339","post","type-post","status-publish","format-standard","hentry","category-convocatorias-de-empleo-publico"],"_links":{"self":[{"href":"https:\/\/www.ciudadrodrigo.es\/ayuntamiento\/wp-json\/wp\/v2\/posts\/13339","targetHints":{"allow":["GET"]}}],"collection":[{"href":"https:\/\/www.ciudadrodrigo.es\/ayuntamiento\/wp-json\/wp\/v2\/posts"}],"about":[{"href":"https:\/\/www.ciudadrodrigo.es\/ayuntamiento\/wp-json\/wp\/v2\/types\/post"}],"author":[{"embeddable":true,"href":"https:\/\/www.ciudadrodrigo.es\/ayuntamiento\/wp-json\/wp\/v2\/users\/4"}],"replies":[{"embeddable":true,"href":"https:\/\/www.ciudadrodrigo.es\/ayuntamiento\/wp-json\/wp\/v2\/comments?post=13339"}],"version-history":[{"count":11,"href":"https:\/\/www.ciudadrodrigo.es\/ayuntamiento\/wp-json\/wp\/v2\/posts\/13339\/revisions"}],"predecessor-version":[{"id":14173,"href":"https:\/\/www.ciudadrodrigo.es\/ayuntamiento\/wp-json\/wp\/v2\/posts\/13339\/revisions\/14173"}],"wp:attachment":[{"href":"https:\/\/www.ciudadrodrigo.es\/ayuntamiento\/wp-json\/wp\/v2\/media?parent=13339"}],"wp:term":[{"taxonomy":"category","embeddable":true,"href":"https:\/\/www.ciudadrodrigo.es\/ayuntamiento\/wp-json\/wp\/v2\/categories?post=13339"},{"taxonomy":"post_tag","embeddable":true,"href":"https:\/\/www.ciudadrodrigo.es\/ayuntamiento\/wp-json\/wp\/v2\/tags?post=13339"}],"curies":[{"name":"wp","href":"https:\/\/api.w.org\/{rel}","templated":true}]}}