{"id":13538,"date":"2022-08-08T09:02:47","date_gmt":"2022-08-08T07:02:47","guid":{"rendered":"https:\/\/www.ciudadrodrigo.es\/ayuntamiento\/?p=13538"},"modified":"2022-09-15T08:51:24","modified_gmt":"2022-09-15T06:51:24","slug":"autorizacion-de-uso-excepcional-en-suelo-rustico-para-legalizacion-de-nave-e-instalaciones-para-explotacion-de-ovino-en-regimen-extensivo-en-parcela-2-del-poligono-7-vinculada-a-la-parcela-13-del-pol","status":"publish","type":"post","link":"https:\/\/www.ciudadrodrigo.es\/ayuntamiento\/autorizacion-de-uso-excepcional-en-suelo-rustico-para-legalizacion-de-nave-e-instalaciones-para-explotacion-de-ovino-en-regimen-extensivo-en-parcela-2-del-poligono-7-vinculada-a-la-parcela-13-del-pol\/","title":{"rendered":"Autorizaci\u00f3n de uso excepcional en suelo r\u00fastico para legalizaci\u00f3n de nave e instalaciones para explotaci\u00f3n de ovino en r\u00e9gimen extensivo en parcela 2 del pol\u00edgono 7, vinculada a la parcela 13 del pol\u00edgono 32"},"content":{"rendered":"<p><strong>\u00d3RGANO QUE ORDENA LA PUBLICACI\u00d3N<\/strong>: Alcald\u00eda.<br \/>\n<strong>PUBLICACI\u00d3N WEB<\/strong>:\u00a0 \u00a08 e agosto de 2022<br \/>\n<strong>PUBLICACI\u00d3N BOCY<\/strong>L:\u00a0 \u00a0 <a href=\"https:\/\/bocyl.jcyl.es\/boletines\/2022\/08\/16\/pdf\/BOCYL-D-16082022-15.pdf\" target=\"_blank\" rel=\"noopener\">\u00a016\/08\/2022<\/a><br \/>\n<strong>PUBLICACI\u00d3N PRENSA<\/strong>:\u00a0 \u00a024\/08\/2022<br \/>\n<strong>PRESENTACI\u00d3N DE ALEGACIONES<\/strong>: 20 d\u00edas h\u00e1biles a contar desde la \u00faltima de las publicaciones. Hasta el 22 de septiembre de 2022<\/p>\n<p><strong>DOCUMENTOS<\/strong>:<\/p>\n<table style=\"border-collapse: collapse; width: 35.0979%; height: 45px;\" border=\"1\">\n<tbody>\n<tr style=\"height: 24px;\">\n<td style=\"width: 10.7438%; height: 24px;\"><img loading=\"lazy\" decoding=\"async\" class=\"alignnone size-full wp-image-2515\" src=\"https:\/\/www.ciudadrodrigo.es\/ayuntamiento\/wp-content\/uploads\/2018\/04\/iconoDescargaPdf.png\" alt=\"\" width=\"30\" height=\"30\" \/><\/td>\n<td style=\"width: 89.2562%; height: 24px;\"><a href=\"https:\/\/www.ciudadrodrigo.es\/ayuntamiento\/wp-content\/uploads\/2022\/08\/EXPTE-COMPLETO-NAZARET.pdf\" target=\"_blank\" rel=\"noopener\">EXPEDIENTE<\/a><\/td>\n<\/tr>\n<\/tbody>\n<\/table>\n<p>&nbsp;<\/p>\n","protected":false},"excerpt":{"rendered":"<p>\u00d3RGANO QUE ORDENA LA PUBLICACI\u00d3N: Alcald\u00eda. PUBLICACI\u00d3N WEB:\u00a0 \u00a08 e agosto de 2022 PUBLICACI\u00d3N BOCYL:\u00a0 \u00a0 \u00a016\/08\/2022 PUBLICACI\u00d3N PRENSA:\u00a0 \u00a024\/08\/2022 PRESENTACI\u00d3N DE ALEGACIONES: 20 d\u00edas h\u00e1biles a contar desde la \u00faltima de las publicaciones. Hasta el 22 de septiembre de 2022 DOCUMENTOS: EXPEDIENTE &nbsp;<\/p>\n","protected":false},"author":4,"featured_media":0,"comment_status":"closed","ping_status":"closed","sticky":false,"template":"","format":"standard","meta":{"footnotes":""},"categories":[151],"tags":[],"class_list":["post-13538","post","type-post","status-publish","format-standard","hentry","category-urbanismo-autorizaciones-de-uso-excepcional"],"_links":{"self":[{"href":"https:\/\/www.ciudadrodrigo.es\/ayuntamiento\/wp-json\/wp\/v2\/posts\/13538","targetHints":{"allow":["GET"]}}],"collection":[{"href":"https:\/\/www.ciudadrodrigo.es\/ayuntamiento\/wp-json\/wp\/v2\/posts"}],"about":[{"href":"https:\/\/www.ciudadrodrigo.es\/ayuntamiento\/wp-json\/wp\/v2\/types\/post"}],"author":[{"embeddable":true,"href":"https:\/\/www.ciudadrodrigo.es\/ayuntamiento\/wp-json\/wp\/v2\/users\/4"}],"replies":[{"embeddable":true,"href":"https:\/\/www.ciudadrodrigo.es\/ayuntamiento\/wp-json\/wp\/v2\/comments?post=13538"}],"version-history":[{"count":6,"href":"https:\/\/www.ciudadrodrigo.es\/ayuntamiento\/wp-json\/wp\/v2\/posts\/13538\/revisions"}],"predecessor-version":[{"id":13748,"href":"https:\/\/www.ciudadrodrigo.es\/ayuntamiento\/wp-json\/wp\/v2\/posts\/13538\/revisions\/13748"}],"wp:attachment":[{"href":"https:\/\/www.ciudadrodrigo.es\/ayuntamiento\/wp-json\/wp\/v2\/media?parent=13538"}],"wp:term":[{"taxonomy":"category","embeddable":true,"href":"https:\/\/www.ciudadrodrigo.es\/ayuntamiento\/wp-json\/wp\/v2\/categories?post=13538"},{"taxonomy":"post_tag","embeddable":true,"href":"https:\/\/www.ciudadrodrigo.es\/ayuntamiento\/wp-json\/wp\/v2\/tags?post=13538"}],"curies":[{"name":"wp","href":"https:\/\/api.w.org\/{rel}","templated":true}]}}