{"id":13746,"date":"2022-09-15T08:49:31","date_gmt":"2022-09-15T06:49:31","guid":{"rendered":"https:\/\/www.ciudadrodrigo.es\/ayuntamiento\/?p=13746"},"modified":"2022-09-23T10:30:39","modified_gmt":"2022-09-23T08:30:39","slug":"autorizacion-de-uso-excepcional-en-suelo-rustico-para-la-construccion-de-canalizaciones-e-instalacion-de-postes-en-el-camino-de-los-paredones-con-el-objeto-de-dar-servicio-a-la-estacion-base-de-telef","status":"publish","type":"post","link":"https:\/\/www.ciudadrodrigo.es\/ayuntamiento\/autorizacion-de-uso-excepcional-en-suelo-rustico-para-la-construccion-de-canalizaciones-e-instalacion-de-postes-en-el-camino-de-los-paredones-con-el-objeto-de-dar-servicio-a-la-estacion-base-de-telef\/","title":{"rendered":"Autorizaci\u00f3n de uso excepcional en suelo r\u00fastico para la construcci\u00f3n de canalizaciones e instalaci\u00f3n de postes en el Camino de los Paredones, con el objeto de dar servicio a la Estaci\u00f3n Base de telefon\u00eda m\u00f3vil, sita en la parcela 175 del pol\u00edgono 10, a trav\u00e9s de nuevo cable de fibra \u00f3ptica"},"content":{"rendered":"<p><strong>\u00d3RGANO QUE ORDENA LA PUBLICACI\u00d3N<\/strong>: Alcald\u00eda.<br \/>\n<strong>PUBLICACI\u00d3N WEB<\/strong>:\u00a0 \u00a015 de Septiembre de 2022<br \/>\n<strong>PUBLICACI\u00d3N BOCY<\/strong>L:\u00a0 \u00a0 <a href=\"https:\/\/bocyl.jcyl.es\/boletines\/2022\/09\/22\/pdf\/BOCYL-D-22092022-32.pdf\" target=\"_blank\" rel=\"noopener\">22\/09\/2022<\/a><br \/>\n<strong>PUBLICACI\u00d3N PRENSA<\/strong>:\u00a0 \u00a023\/09\/2022<br \/>\n<strong>PRESENTACI\u00d3N DE ALEGACIONES<\/strong>: 20 d\u00edas h\u00e1biles a contar desde la \u00faltima de las publicaciones. Hasta el 24 de Octubre de 2022.<\/p>\n<p><strong><span style=\"text-decoration: underline;\">DOCUMENTOS<\/span><\/strong>:<\/p>\n<table style=\"border-collapse: collapse; width: 29.4416%; height: 23px;\" border=\"1\">\n<tbody>\n<tr style=\"height: 26px;\">\n<td style=\"width: 15.2709%; height: 26px;\"><img loading=\"lazy\" decoding=\"async\" class=\"alignnone size-full wp-image-2515\" src=\"https:\/\/www.ciudadrodrigo.es\/ayuntamiento\/wp-content\/uploads\/2018\/04\/iconoDescargaPdf.png\" alt=\"\" width=\"30\" height=\"30\" \/><\/td>\n<td style=\"width: 84.7291%; height: 26px;\"><a href=\"https:\/\/www.ciudadrodrigo.es\/ayuntamiento\/wp-content\/uploads\/2022\/09\/ANUNCIO-BOCYL.pdf\" target=\"_blank\" rel=\"noopener\">ANUNCIO<\/a><\/td>\n<\/tr>\n<tr>\n<td style=\"width: 15.2709%;\"><img loading=\"lazy\" decoding=\"async\" class=\"alignnone size-full wp-image-2515\" src=\"https:\/\/www.ciudadrodrigo.es\/ayuntamiento\/wp-content\/uploads\/2018\/04\/iconoDescargaPdf.png\" alt=\"\" width=\"30\" height=\"30\" \/><\/td>\n<td style=\"width: 84.7291%;\"><a href=\"https:\/\/www.ciudadrodrigo.es\/ayuntamiento\/wp-content\/uploads\/2022\/09\/EXPEDIENTE-ORANGE.pdf\" target=\"_blank\" rel=\"noopener\">EXPEDIENTE<\/a><\/td>\n<\/tr>\n<\/tbody>\n<\/table>\n<p>&nbsp;<\/p>\n","protected":false},"excerpt":{"rendered":"<p>\u00d3RGANO QUE ORDENA LA PUBLICACI\u00d3N: Alcald\u00eda. PUBLICACI\u00d3N WEB:\u00a0 \u00a015 de Septiembre de 2022 PUBLICACI\u00d3N BOCYL:\u00a0 \u00a0 22\/09\/2022 PUBLICACI\u00d3N PRENSA:\u00a0 \u00a023\/09\/2022 PRESENTACI\u00d3N DE ALEGACIONES: 20 d\u00edas h\u00e1biles a contar desde la \u00faltima de las publicaciones. Hasta el 24 de Octubre de 2022. DOCUMENTOS: ANUNCIO EXPEDIENTE &nbsp;<\/p>\n","protected":false},"author":4,"featured_media":0,"comment_status":"closed","ping_status":"closed","sticky":false,"template":"","format":"standard","meta":{"footnotes":""},"categories":[151],"tags":[],"class_list":["post-13746","post","type-post","status-publish","format-standard","hentry","category-urbanismo-autorizaciones-de-uso-excepcional"],"_links":{"self":[{"href":"https:\/\/www.ciudadrodrigo.es\/ayuntamiento\/wp-json\/wp\/v2\/posts\/13746","targetHints":{"allow":["GET"]}}],"collection":[{"href":"https:\/\/www.ciudadrodrigo.es\/ayuntamiento\/wp-json\/wp\/v2\/posts"}],"about":[{"href":"https:\/\/www.ciudadrodrigo.es\/ayuntamiento\/wp-json\/wp\/v2\/types\/post"}],"author":[{"embeddable":true,"href":"https:\/\/www.ciudadrodrigo.es\/ayuntamiento\/wp-json\/wp\/v2\/users\/4"}],"replies":[{"embeddable":true,"href":"https:\/\/www.ciudadrodrigo.es\/ayuntamiento\/wp-json\/wp\/v2\/comments?post=13746"}],"version-history":[{"count":5,"href":"https:\/\/www.ciudadrodrigo.es\/ayuntamiento\/wp-json\/wp\/v2\/posts\/13746\/revisions"}],"predecessor-version":[{"id":13792,"href":"https:\/\/www.ciudadrodrigo.es\/ayuntamiento\/wp-json\/wp\/v2\/posts\/13746\/revisions\/13792"}],"wp:attachment":[{"href":"https:\/\/www.ciudadrodrigo.es\/ayuntamiento\/wp-json\/wp\/v2\/media?parent=13746"}],"wp:term":[{"taxonomy":"category","embeddable":true,"href":"https:\/\/www.ciudadrodrigo.es\/ayuntamiento\/wp-json\/wp\/v2\/categories?post=13746"},{"taxonomy":"post_tag","embeddable":true,"href":"https:\/\/www.ciudadrodrigo.es\/ayuntamiento\/wp-json\/wp\/v2\/tags?post=13746"}],"curies":[{"name":"wp","href":"https:\/\/api.w.org\/{rel}","templated":true}]}}