{"id":14041,"date":"2022-11-24T13:19:34","date_gmt":"2022-11-24T12:19:34","guid":{"rendered":"https:\/\/www.ciudadrodrigo.es\/ayuntamiento\/?p=14041"},"modified":"2025-02-17T09:37:35","modified_gmt":"2025-02-17T08:37:35","slug":"seleccion-de-cinco-auxiliares-de-turismo-contratadas-al-amparo-de-la-subvencion-convocada-por-orden-iem-1170-2022-de-la-junta-de-castilla-y-leon","status":"publish","type":"post","link":"https:\/\/www.ciudadrodrigo.es\/ayuntamiento\/seleccion-de-cinco-auxiliares-de-turismo-contratadas-al-amparo-de-la-subvencion-convocada-por-orden-iem-1170-2022-de-la-junta-de-castilla-y-leon\/","title":{"rendered":"Selecci\u00f3n de cinco auxiliares de turismo contratadas al amparo de la subvenci\u00f3n convocada por ORDEN IEM\/1170\/2022 de la Junta de Castilla y Le\u00f3n"},"content":{"rendered":"<p><strong><span style=\"text-decoration: underline;\">ESTA CONTRATACI\u00d3N SE REALIZAR\u00c1 AL AMPARO DE LA SUBVENCI\u00d3N CONVOCADA POR ORDEN IEM\/1170\/2022 DE LA JUNTA DE CASTILLA Y LE\u00d3N<\/span><\/strong><\/p>\n<p><strong>TIPO DE CONTRATO<\/strong>: Contrato para la mejora de la ocupabilidad y la inserci\u00f3n laboral en el marco de los programas de activaci\u00f3n para el empleo.<br \/>\n<strong>DURACI\u00d3N DEL CONTRATO<\/strong>: seis meses a jornada completa.<br \/>\n<strong>HORARIO<\/strong>: Flexible. Distribuidos semanalmente respetando el descanso semanal<br \/>\n<strong>TITULACI\u00d3N REQUERIDA<\/strong>: Uno de los dos t\u00edtulos, diplomas o certificados de profesionalidad siguientes:<br \/>\no Dinamizaci\u00f3n, programaci\u00f3n y desarrollo de acciones culturales. (SSCB0110)<br \/>\no Promoci\u00f3n tur\u00edstica local e informaci\u00f3n al visitante. (HOTI0108)<br \/>\n<strong>PROCEDIMIENTO DE SELECCI\u00d3N<\/strong>: Oferta gen\u00e9rica al ECYL, solicitando tres personas por puesto, y posterior proceso de selecci\u00f3n seg\u00fan bases<br \/>\nLa preselecci\u00f3n de las personas participantes la har\u00e1 el ECYL\u00a0 entre los siguientes colectivos:<br \/>\no J\u00f3venes menores de 35 a\u00f1os, preferentemente con d\u00e9ficit de formaci\u00f3n.<br \/>\no Mayores de 45 a\u00f1os.<br \/>\no Personas en desempleo de larga duraci\u00f3n, con especial atenci\u00f3n a aquellos que han agotado sus prestaciones por desempleo. Se entender\u00e1 por desempleado de larga duraci\u00f3n aquella persona que ha estado desempleada 12 meses en un per\u00edodo de 18 meses.<\/p>\n<p><strong><span style=\"text-decoration: underline;\">BAREMACI\u00d3N DE M\u00c9RITOS<\/span><\/strong>: Descargar de documentos adjuntos. Presentaci\u00f3n de alegaciones hasta el 21 de Diciembre de 2022<\/p>\n<p><span style=\"text-decoration: underline;\"><strong>ESTUDIO ALEGACIONES PRESENTADAS<\/strong><\/span>: Descargar de documentos adjuntos.<\/p>\n<p><strong><span style=\"text-decoration: underline;\">DOCUMENTOS<\/span><\/strong>:<\/p>\n<table style=\"border-collapse: collapse; width: 32.3423%; height: 30px;\" border=\"1\">\n<tbody>\n<tr>\n<td style=\"width: 11.2456%;\"><img loading=\"lazy\" decoding=\"async\" class=\"alignnone size-full wp-image-2515\" src=\"https:\/\/www.ciudadrodrigo.es\/ayuntamiento\/wp-content\/uploads\/2018\/04\/iconoDescargaPdf.png\" alt=\"\" width=\"30\" height=\"30\" \/><\/td>\n<td style=\"width: 88.7544%;\"><a href=\"https:\/\/www.ciudadrodrigo.es\/ayuntamiento\/wp-content\/uploads\/2022\/11\/Bases-convocatoria-seleccion-5-Auxiliares-de-Turismo.pdf\" target=\"_blank\" rel=\"noopener\">BASES<\/a><\/td>\n<\/tr>\n<tr>\n<td style=\"width: 11.2456%;\"><img loading=\"lazy\" decoding=\"async\" class=\"alignnone size-full wp-image-2515\" src=\"https:\/\/www.ciudadrodrigo.es\/ayuntamiento\/wp-content\/uploads\/2018\/04\/iconoDescargaPdf.png\" alt=\"\" width=\"30\" height=\"30\" \/><\/td>\n<td style=\"width: 88.7544%;\"><a href=\"https:\/\/www.ciudadrodrigo.es\/ayuntamiento\/wp-content\/uploads\/2022\/12\/Anuncio-bareamacion-Auxiliares-de-turismo.pdf\" target=\"_blank\" rel=\"noopener\">ANUNCIO BAREMACI\u00d3N<\/a><\/td>\n<\/tr>\n<tr>\n<td style=\"width: 11.2456%;\"><img loading=\"lazy\" decoding=\"async\" class=\"alignnone size-full wp-image-2515\" src=\"https:\/\/www.ciudadrodrigo.es\/ayuntamiento\/wp-content\/uploads\/2018\/04\/iconoDescargaPdf.png\" alt=\"\" width=\"30\" height=\"30\" \/><\/td>\n<td style=\"width: 88.7544%;\"><a href=\"https:\/\/www.ciudadrodrigo.es\/ayuntamiento\/wp-content\/uploads\/2022\/12\/Anuncio-estudio-alegaciones-contratacion-5-Auxiliares-de-turismo.pdf\" target=\"_blank\" rel=\"noopener\">ANUNCIO ESTUDIO ALEGACIONES<\/a><\/td>\n<\/tr>\n<\/tbody>\n<\/table>\n<p>&nbsp;<\/p>\n","protected":false},"excerpt":{"rendered":"<p>ESTA CONTRATACI\u00d3N SE REALIZAR\u00c1 AL AMPARO DE LA SUBVENCI\u00d3N CONVOCADA POR ORDEN IEM\/1170\/2022 DE LA JUNTA DE CASTILLA Y LE\u00d3N TIPO DE CONTRATO: Contrato para la mejora de la ocupabilidad y la inserci\u00f3n laboral en el marco de los programas de activaci\u00f3n para el empleo. DURACI\u00d3N DEL CONTRATO: seis meses a jornada completa. HORARIO: Flexible. [&hellip;]<\/p>\n","protected":false},"author":4,"featured_media":0,"comment_status":"closed","ping_status":"closed","sticky":false,"template":"","format":"standard","meta":{"footnotes":""},"categories":[150],"tags":[],"class_list":["post-14041","post","type-post","status-publish","format-standard","hentry","category-convocatorias-de-empleo-publico"],"_links":{"self":[{"href":"https:\/\/www.ciudadrodrigo.es\/ayuntamiento\/wp-json\/wp\/v2\/posts\/14041","targetHints":{"allow":["GET"]}}],"collection":[{"href":"https:\/\/www.ciudadrodrigo.es\/ayuntamiento\/wp-json\/wp\/v2\/posts"}],"about":[{"href":"https:\/\/www.ciudadrodrigo.es\/ayuntamiento\/wp-json\/wp\/v2\/types\/post"}],"author":[{"embeddable":true,"href":"https:\/\/www.ciudadrodrigo.es\/ayuntamiento\/wp-json\/wp\/v2\/users\/4"}],"replies":[{"embeddable":true,"href":"https:\/\/www.ciudadrodrigo.es\/ayuntamiento\/wp-json\/wp\/v2\/comments?post=14041"}],"version-history":[{"count":5,"href":"https:\/\/www.ciudadrodrigo.es\/ayuntamiento\/wp-json\/wp\/v2\/posts\/14041\/revisions"}],"predecessor-version":[{"id":14195,"href":"https:\/\/www.ciudadrodrigo.es\/ayuntamiento\/wp-json\/wp\/v2\/posts\/14041\/revisions\/14195"}],"wp:attachment":[{"href":"https:\/\/www.ciudadrodrigo.es\/ayuntamiento\/wp-json\/wp\/v2\/media?parent=14041"}],"wp:term":[{"taxonomy":"category","embeddable":true,"href":"https:\/\/www.ciudadrodrigo.es\/ayuntamiento\/wp-json\/wp\/v2\/categories?post=14041"},{"taxonomy":"post_tag","embeddable":true,"href":"https:\/\/www.ciudadrodrigo.es\/ayuntamiento\/wp-json\/wp\/v2\/tags?post=14041"}],"curies":[{"name":"wp","href":"https:\/\/api.w.org\/{rel}","templated":true}]}}