{"id":14084,"date":"2022-12-01T13:27:04","date_gmt":"2022-12-01T12:27:04","guid":{"rendered":"https:\/\/www.ciudadrodrigo.es\/ayuntamiento\/?p=14084"},"modified":"2022-12-01T13:31:22","modified_gmt":"2022-12-01T12:31:22","slug":"seleccion-de-3-auxiliares-de-limpieza-contratados-as-al-amparo-de-la-subvencion-convocada-por-orden-iem-1168-2022-de-la-junta-de-castilla-y-leon","status":"publish","type":"post","link":"https:\/\/www.ciudadrodrigo.es\/ayuntamiento\/seleccion-de-3-auxiliares-de-limpieza-contratados-as-al-amparo-de-la-subvencion-convocada-por-orden-iem-1168-2022-de-la-junta-de-castilla-y-leon\/","title":{"rendered":"Selecci\u00f3n de 3 Auxiliares de limpieza, contratados\/as al amparo de la subvenci\u00f3n convocada por ORDEN IEM\/1168\/2022 de la Junta de Castilla y Le\u00f3n"},"content":{"rendered":"<p><strong>ESTA CONTRATACI\u00d3N SE REALIZAR\u00c1 AL AMPARO DE LA SUBVENCI\u00d3N CONVOCADA POR ORDEN IEM\/1168\/2022 DE LA JUNTA DE CASTILLA Y LE\u00d3N<\/strong><\/p>\n<p><strong>TIPO DE CONTRATO<\/strong>: Contrato para la mejora de la ocupabilidad y la inserci\u00f3n laboral en el marco de los programas de activaci\u00f3n para el empleo.<br \/>\n<strong>DURACI\u00d3N DEL CONTRATO<\/strong>: seis meses a jornada completa.<br \/>\n<strong>HORARIO<\/strong>: Flexible. Distribuidos semanalmente respetando el descanso semanal<br \/>\n<strong>EXPERIENCIA<\/strong>: m\u00ednima de seis meses como Auxiliar de limpieza.<br \/>\n<strong>PROCEDIMIENTO DE SELECCI\u00d3N<\/strong>: Oferta gen\u00e9rica al ECYL, solicitando tres personas por puesto, y posterior proceso de selecci\u00f3n seg\u00fan bases<br \/>\nLa preselecci\u00f3n de las personas participantes la har\u00e1 el ECYL\u00a0 entre los siguientes colectivos:<\/p>\n<ul>\n<li>Las personas contratadas deber\u00e1n tener menos de 35 a\u00f1os y estar desempleadas e inscritas como demandantes de empleo no ocupadas en el Servicio P\u00fablico de Empleo de Castilla y Le\u00f3n en la fecha de alta en la Seguridad Social.<\/li>\n<li>La preselecci\u00f3n de las personas candidatas, la realizar\u00e1 la Oficina de Empleo que le corresponda a la entidad beneficiaria, mediante la presentaci\u00f3n de la correspondiente oferta de empleo, teniendo en cuenta los siguientes criterios y en el siguiente orden:\n<ul>\n<li>Tendr\u00e1n preferencia los parados de larga duraci\u00f3n, entendi\u00e9ndose por tales, a efecto de las presentes bases, aquellas personas que han estado desempleadas 12 meses en los \u00faltimos 18 meses.<\/li>\n<li>Mayor adecuaci\u00f3n al puesto de trabajo ofertado.<\/li>\n<li>Condici\u00f3n de discapacidad.<\/li>\n<li>Condici\u00f3n de mujer.<\/li>\n<li>Existencia de responsabilidades familiares, entendi\u00e9ndose por \u00e9stas el que la persona desempleada tenga a su cargo a su c\u00f3nyuge, hijos o hijas menores de veintis\u00e9is a\u00f1os, mayores con discapacidad o menores acogido<\/li>\n<\/ul>\n<\/li>\n<\/ul>\n<p><strong>DOCUMENTOS<\/strong>:<\/p>\n<table style=\"border-collapse: collapse; width: 33.6476%; height: 16px;\" border=\"1\">\n<tbody>\n<tr>\n<td style=\"width: 9.69828%;\"><img loading=\"lazy\" decoding=\"async\" class=\"alignnone size-full wp-image-2515\" src=\"https:\/\/www.ciudadrodrigo.es\/ayuntamiento\/wp-content\/uploads\/2018\/04\/iconoDescargaPdf.png\" alt=\"\" width=\"30\" height=\"30\" \/><\/td>\n<td style=\"width: 90.3017%;\"><a href=\"https:\/\/www.ciudadrodrigo.es\/ayuntamiento\/wp-content\/uploads\/2022\/12\/Bases-de-la-convocatoria-seleccion-3-Auxiliares-de-limpieza.pdf\" target=\"_blank\" rel=\"noopener\">BASES<\/a><\/td>\n<\/tr>\n<\/tbody>\n<\/table>\n<p>&nbsp;<\/p>\n","protected":false},"excerpt":{"rendered":"<p>ESTA CONTRATACI\u00d3N SE REALIZAR\u00c1 AL AMPARO DE LA SUBVENCI\u00d3N CONVOCADA POR ORDEN IEM\/1168\/2022 DE LA JUNTA DE CASTILLA Y LE\u00d3N TIPO DE CONTRATO: Contrato para la mejora de la ocupabilidad y la inserci\u00f3n laboral en el marco de los programas de activaci\u00f3n para el empleo. DURACI\u00d3N DEL CONTRATO: seis meses a jornada completa. HORARIO: Flexible. [&hellip;]<\/p>\n","protected":false},"author":4,"featured_media":0,"comment_status":"closed","ping_status":"closed","sticky":false,"template":"","format":"standard","meta":{"footnotes":""},"categories":[150],"tags":[],"class_list":["post-14084","post","type-post","status-publish","format-standard","hentry","category-convocatorias-de-empleo-publico"],"_links":{"self":[{"href":"https:\/\/www.ciudadrodrigo.es\/ayuntamiento\/wp-json\/wp\/v2\/posts\/14084","targetHints":{"allow":["GET"]}}],"collection":[{"href":"https:\/\/www.ciudadrodrigo.es\/ayuntamiento\/wp-json\/wp\/v2\/posts"}],"about":[{"href":"https:\/\/www.ciudadrodrigo.es\/ayuntamiento\/wp-json\/wp\/v2\/types\/post"}],"author":[{"embeddable":true,"href":"https:\/\/www.ciudadrodrigo.es\/ayuntamiento\/wp-json\/wp\/v2\/users\/4"}],"replies":[{"embeddable":true,"href":"https:\/\/www.ciudadrodrigo.es\/ayuntamiento\/wp-json\/wp\/v2\/comments?post=14084"}],"version-history":[{"count":3,"href":"https:\/\/www.ciudadrodrigo.es\/ayuntamiento\/wp-json\/wp\/v2\/posts\/14084\/revisions"}],"predecessor-version":[{"id":14171,"href":"https:\/\/www.ciudadrodrigo.es\/ayuntamiento\/wp-json\/wp\/v2\/posts\/14084\/revisions\/14171"}],"wp:attachment":[{"href":"https:\/\/www.ciudadrodrigo.es\/ayuntamiento\/wp-json\/wp\/v2\/media?parent=14084"}],"wp:term":[{"taxonomy":"category","embeddable":true,"href":"https:\/\/www.ciudadrodrigo.es\/ayuntamiento\/wp-json\/wp\/v2\/categories?post=14084"},{"taxonomy":"post_tag","embeddable":true,"href":"https:\/\/www.ciudadrodrigo.es\/ayuntamiento\/wp-json\/wp\/v2\/tags?post=14084"}],"curies":[{"name":"wp","href":"https:\/\/api.w.org\/{rel}","templated":true}]}}