{"id":14087,"date":"2022-12-01T13:41:31","date_gmt":"2022-12-01T12:41:31","guid":{"rendered":"https:\/\/www.ciudadrodrigo.es\/ayuntamiento\/?p=14087"},"modified":"2022-12-16T11:00:56","modified_gmt":"2022-12-16T10:00:56","slug":"seleccion-de-1-conserje-reservado-para-personas-con-discapacidad-contratado-a-al-amparo-de-la-subvencion-convocada-por-orden-iem-1167-2022-de-la-junta-de-castilla-y-leon","status":"publish","type":"post","link":"https:\/\/www.ciudadrodrigo.es\/ayuntamiento\/seleccion-de-1-conserje-reservado-para-personas-con-discapacidad-contratado-a-al-amparo-de-la-subvencion-convocada-por-orden-iem-1167-2022-de-la-junta-de-castilla-y-leon\/","title":{"rendered":"Selecci\u00f3n de 1 Conserje, reservado para personas con discapacidad, contratado\/a al amparo de la subvenci\u00f3n convocada por ORDEN IEM\/1167\/2022 de la Junta de Castilla y Le\u00f3n"},"content":{"rendered":"<p><strong>ESTA CONTRATACI\u00d3N SE REALIZAR\u00c1 AL AMPARO DE LA SUBVENCI\u00d3N CONVOCADA POR ORDEN IEM\/1167\/2022 DE LA JUNTA DE CASTILLA Y LE\u00d3N<\/strong><\/p>\n<p><strong>TIPO DE CONTRATO<\/strong>: Contrato para la mejora de la ocupabilidad y la inserci\u00f3n laboral en el marco de los programas de activaci\u00f3n para el empleo.<br \/>\n<strong>RESERVADO<\/strong>: Para personas con discapacidad.<br \/>\n<strong>DURACI\u00d3N DEL CONTRATO<\/strong>: 1 a\u00f1o a jornada completa.<br \/>\n<strong>HORARIO<\/strong>: Flexible. Distribuidos semanalmente respetando el descanso semanal<br \/>\n<strong>EXPERIENCIA<\/strong>: m\u00ednima de seis meses como Conserje.<br \/>\n<strong>PROCEDIMIENTO DE SELECCI\u00d3N<\/strong>: Oferta gen\u00e9rica al ECYL, solicitando tres personas por puesto, y posterior proceso de selecci\u00f3n seg\u00fan bases<br \/>\nLa preselecci\u00f3n de las personas participantes la har\u00e1 el ECYL\u00a0 entre los siguientes colectivos:<\/p>\n<ul>\n<li>Las personas contratadas deber\u00e1n tener 45 a\u00f1os cumplidos y estar desempleadas e inscritas como demandantes de empleo no ocupadas en el Servicio P\u00fablico de Empleo de Castilla y Le\u00f3n en la fecha de alta en la Seguridad Social<\/li>\n<li>Dentro de los desempleados e inscritos como demandantes de empleo no ocupados en el Servicio P\u00fablico de Empleo de Castilla y Le\u00f3n, mayores de 45 a\u00f1os, tendr\u00e1n preferencia los parados de larga duraci\u00f3n, entendi\u00e9ndose por tales, a efecto de las presente bases, aquellas personas que han estado desempleadas 12 meses en un per\u00edodo de 18 meses<\/li>\n<li>La preselecci\u00f3n de las personas candidatas, la realizar\u00e1 la Oficina de Empleo que le corresponda a la entidad beneficiaria, mediante la presentaci\u00f3n de la correspondiente oferta de empleo, teniendo en cuenta los siguientes criterios:\n<ul>\n<li>Mayor adecuaci\u00f3n al puesto de trabajo ofertado.<\/li>\n<li>Condici\u00f3n de discapacidad.<\/li>\n<li>Condici\u00f3n de mujer.<\/li>\n<li>Existencia de responsabilidades familiares, entendi\u00e9ndose por \u00e9stas el que la persona desempleada tenga a su cargo a su c\u00f3nyuge, hijos o hijas menores de veintis\u00e9is a\u00f1os, mayores con discapacidad o menores acogidos.<\/li>\n<\/ul>\n<\/li>\n<\/ul>\n<p><strong><span style=\"text-decoration: underline;\">BAREMACI\u00d3N DE MERITOS<\/span><\/strong>: Descargar de documentos adjuntos. Presentaci\u00f3n de alegaciones hasta el 20 de Diciembre de 2022<\/p>\n<p><strong>DOCUMENTOS<\/strong>:<\/p>\n<table style=\"border-collapse: collapse; width: 29.5867%; height: 29px;\" border=\"1\">\n<tbody>\n<tr>\n<td style=\"width: 15.6863%;\"><img decoding=\"async\" src=\"https:\/\/www.ciudadrodrigo.es\/ayuntamiento\/wp-content\/uploads\/2018\/04\/iconoDescargaPdf.png\" \/><\/td>\n<td style=\"width: 84.3137%; text-align: justify;\">\u00a0<a href=\"https:\/\/www.ciudadrodrigo.es\/ayuntamiento\/wp-content\/uploads\/2022\/12\/Bases-de-convocatoria_Bases-de-la-convocatoria-un-conserje.pdf\" target=\"_blank\" rel=\"noopener\">BASES<\/a><\/td>\n<\/tr>\n<tr>\n<td style=\"width: 15.6863%;\"><img decoding=\"async\" src=\"https:\/\/www.ciudadrodrigo.es\/ayuntamiento\/wp-content\/uploads\/2018\/04\/iconoDescargaPdf.png\" \/><\/td>\n<td style=\"width: 84.3137%; text-align: justify;\"><a href=\"https:\/\/www.ciudadrodrigo.es\/ayuntamiento\/wp-content\/uploads\/2022\/12\/Anuncio-baremacion-meritos-contratacion-1-conserje.pdf\" target=\"_blank\" rel=\"noopener\">BAREMACI\u00d3N DE M\u00c9RITOS<\/a><\/td>\n<\/tr>\n<\/tbody>\n<\/table>\n<p>&nbsp;<\/p>\n","protected":false},"excerpt":{"rendered":"<p>ESTA CONTRATACI\u00d3N SE REALIZAR\u00c1 AL AMPARO DE LA SUBVENCI\u00d3N CONVOCADA POR ORDEN IEM\/1167\/2022 DE LA JUNTA DE CASTILLA Y LE\u00d3N TIPO DE CONTRATO: Contrato para la mejora de la ocupabilidad y la inserci\u00f3n laboral en el marco de los programas de activaci\u00f3n para el empleo. RESERVADO: Para personas con discapacidad. DURACI\u00d3N DEL CONTRATO: 1 a\u00f1o [&hellip;]<\/p>\n","protected":false},"author":4,"featured_media":0,"comment_status":"closed","ping_status":"closed","sticky":false,"template":"","format":"standard","meta":{"footnotes":""},"categories":[150],"tags":[],"class_list":["post-14087","post","type-post","status-publish","format-standard","hentry","category-convocatorias-de-empleo-publico"],"_links":{"self":[{"href":"https:\/\/www.ciudadrodrigo.es\/ayuntamiento\/wp-json\/wp\/v2\/posts\/14087","targetHints":{"allow":["GET"]}}],"collection":[{"href":"https:\/\/www.ciudadrodrigo.es\/ayuntamiento\/wp-json\/wp\/v2\/posts"}],"about":[{"href":"https:\/\/www.ciudadrodrigo.es\/ayuntamiento\/wp-json\/wp\/v2\/types\/post"}],"author":[{"embeddable":true,"href":"https:\/\/www.ciudadrodrigo.es\/ayuntamiento\/wp-json\/wp\/v2\/users\/4"}],"replies":[{"embeddable":true,"href":"https:\/\/www.ciudadrodrigo.es\/ayuntamiento\/wp-json\/wp\/v2\/comments?post=14087"}],"version-history":[{"count":5,"href":"https:\/\/www.ciudadrodrigo.es\/ayuntamiento\/wp-json\/wp\/v2\/posts\/14087\/revisions"}],"predecessor-version":[{"id":14169,"href":"https:\/\/www.ciudadrodrigo.es\/ayuntamiento\/wp-json\/wp\/v2\/posts\/14087\/revisions\/14169"}],"wp:attachment":[{"href":"https:\/\/www.ciudadrodrigo.es\/ayuntamiento\/wp-json\/wp\/v2\/media?parent=14087"}],"wp:term":[{"taxonomy":"category","embeddable":true,"href":"https:\/\/www.ciudadrodrigo.es\/ayuntamiento\/wp-json\/wp\/v2\/categories?post=14087"},{"taxonomy":"post_tag","embeddable":true,"href":"https:\/\/www.ciudadrodrigo.es\/ayuntamiento\/wp-json\/wp\/v2\/tags?post=14087"}],"curies":[{"name":"wp","href":"https:\/\/api.w.org\/{rel}","templated":true}]}}