{"id":14105,"date":"2022-12-05T14:04:49","date_gmt":"2022-12-05T13:04:49","guid":{"rendered":"https:\/\/www.ciudadrodrigo.es\/ayuntamiento\/?p=14105"},"modified":"2025-01-08T14:04:00","modified_gmt":"2025-01-08T13:04:00","slug":"convocatoria-procesos-de-seleccion-de-estabilizacion-de-empleo-temporal-d-a-6a-ley-20-2021","status":"publish","type":"post","link":"https:\/\/www.ciudadrodrigo.es\/ayuntamiento\/convocatoria-procesos-de-seleccion-de-estabilizacion-de-empleo-temporal-d-a-6a-ley-20-2021\/","title":{"rendered":"Convocatoria procesos de selecci\u00f3n de estabilizaci\u00f3n de empleo temporal (D.A. 6\u00aa Ley 20\/2021)"},"content":{"rendered":"<p><strong>R\u00c9GIMEN<\/strong>: Laboral<br \/>\n<strong>SISTEMA DE SELECCI\u00d3N<\/strong>: Concurso<br \/>\n<strong>PUBLICACI\u00d3N BOP<\/strong>: <a href=\"https:\/\/sede.diputaciondesalamanca.gob.es\/documentacion\/bop\/2022\/20221124\/BOP-SA-20221124-003.pdf\" target=\"_blank\" rel=\"noopener\">24\/11\/2022<\/a><br \/>\n<strong>PUBLICACI\u00d3N BOCYL<\/strong>: <a href=\"https:\/\/bocyl.jcyl.es\/boletines\/2022\/11\/25\/pdf\/BOCYL-D-25112022-23.pdf\" target=\"_blank\" rel=\"noopener\">25\/11\/2022<\/a><br \/>\n<strong>PUBLICACI\u00d3N BOE<\/strong>: <a href=\"https:\/\/boe.es\/boe\/dias\/2022\/12\/05\/pdfs\/BOE-A-2022-20424.pdf\" target=\"_blank\" rel=\"noopener\">05\/12\/2022<\/a><br \/>\n<strong>PRESENTACI\u00d3N DE INSTANCIAS<\/strong>: 20 d\u00edas h\u00e1biles a contar desde el siguiente a la publicaci\u00f3n en extracto en el BOE. Hasta el 9\/01\/2023<\/p>\n<p><strong><span style=\"text-decoration: underline;\">RECTIFICACI\u00d3N DE BASES<\/span><\/strong>: Por acuerdo de la Junta de Gobierno Local de fecha 19 de Diciembre de 2022<br \/>\nSe procede a la rectificaci\u00f3n de la Base 8.1 en los siguientes t\u00e9rminos:<br \/>\n<em>Donde dice:<br \/>\n<\/em>\u201cSuperar\u00e1n el proceso selectivo aquellas personas candidatas que obtengan una puntuaci\u00f3n igual o superior a TREINTA (30,00) PUNTOS\u201d.<br \/>\n<em>Debe decir:<br \/>\n<\/em>\u201cSuperar\u00e1n el proceso selectivo para inclusi\u00f3n en las Bolsas, aquellas personas candidatas que obtengan una puntuaci\u00f3n igual o superior a TREINTA (30,00) PUNTOS\u201d.<br \/>\n<span style=\"text-decoration: underline;\">PUBLICACI\u00d3N BOP<\/span>;\u00a0 \u00a0<a href=\"https:\/\/sede.diputaciondesalamanca.gob.es\/documentacion\/bop\/2022\/20221228\/BOP-SA-20221228-009.pdf\" target=\"_blank\" rel=\"noopener\">28\/12\/2022<\/a><br \/>\n<span style=\"text-decoration: underline;\">PUBLICACI\u00d3N BOCYL<\/span>:\u00a0 <a href=\"https:\/\/bocyl.jcyl.es\/boletines\/2022\/12\/27\/pdf\/BOCYL-D-27122022-60.pdf\" target=\"_blank\" rel=\"noopener\">27\/12\/2022<\/a><\/p>\n<p><strong>TRAS LA RECTIFICACI\u00d3N DE BASES<\/strong>: Se amplia el plazo de presentaci\u00f3n de instancias, en 20 d\u00edas h\u00e1biles a contar desde el siguiente a la publicaci\u00f3n del anuncio en el BOE. Hasta el 7 de marzo de 2023<br \/>\nPUBLICACI\u00d3N BOE: <a href=\"https:\/\/www.boe.es\/boe\/dias\/2023\/02\/07\/pdfs\/BOE-A-2023-3241.pdf\" target=\"_blank\" rel=\"noopener\">07\/02\/2023<\/a><\/p>\n<p><strong>ANUNCIO PROVISIONAL DE ADMITIDOS Y EXCLUIDOS: Descargar de documentos adjuntos<br \/>\n<\/strong>PUBLICACI\u00d3N BOP:\u00a0 <a href=\"https:\/\/sede.diputaciondesalamanca.gob.es\/documentacion\/bop\/2023\/20230627\/BOP-SA-20230627-008.pdf\" target=\"_blank\" rel=\"noopener\">27\/06\/2023<\/a><br \/>\nPRESENTACI\u00d3N DE ALEGACIONES: 10 d\u00edas h\u00e1biles a contar desde el d\u00eda siguiente a la publicaci\u00f3n del anuncio en el BOP. Hasta el 11 de julio de 2023.<\/p>\n<p><strong>ANUNCIO DEFINITIVO DE ADMITIDOS Y EXCLUIDOS: Descargar de documentos adjuntos.<br \/>\n<\/strong>PUBLICACI\u00d3N BOP: <a href=\"https:\/\/sede.diputaciondesalamanca.gob.es\/documentacion\/bop\/2023\/20230829\/BOP-SA-20230829-008.pdf\" target=\"_blank\" rel=\"noopener\">29\/08\/2023<\/a><\/p>\n<p><strong>TRIBUNAL<\/strong>:<br \/>\nPUBLICACI\u00d3N BOP: <a href=\"https:\/\/sede.diputaciondesalamanca.gob.es\/documentacion\/bop\/2023\/20231227\/BOP-SA-20231227-003.pdf\" target=\"_blank\" rel=\"noopener\">27\/12\/2023<\/a><\/p>\n<p><strong><span style=\"text-decoration: underline;\">VALORACI\u00d3N PROVISIONAL DE M\u00c9RITO<\/span><\/strong>S: Descargar de documentos adjuntos. Presentaci\u00f3n de reclamaciones hasta el 7 de noviembre de 2024<\/p>\n<p><strong><span style=\"text-decoration: underline;\">ESTUDIO DE ALEGACIONES, CALIFICACI\u00d3N DEFINITIVA Y PROPUESTA DE CONTRATACI\u00d3N<\/span><\/strong>: Descargar de documentos adjuntos.<\/p>\n<p>Presentaci\u00f3n de <strong>documentaci\u00f3n original<\/strong> establecida en la base 10.1 de la convocatoria <strong>en el Registro del Ayuntamiento<\/strong>, dentro del plazo de 20 d\u00edas h\u00e1biles, contados a partir de la publicaci\u00f3n de la puntuaci\u00f3n definitiva en el tabl\u00f3n de anuncios del Ayuntamiento (15\/11\/2024). <strong>Plazo hasta el 17 de diciembre de 2024.<\/strong><\/p>\n<p>Presentaci\u00f3n de documentaci\u00f3n original de la primera del listado complementario de la plaza de Profesor de m\u00fasica (Flauta Travesera): Hasta el 24 de diciembre de 2024<\/p>\n<p>Presentaci\u00f3n de documentaci\u00f3n original de la primera del listado complementario de la plaza de Profesor de m\u00fasica (Piano, m\u00fasica y movimiento): Hasta el 3 de enero de 2025<\/p>\n<p>Presentaci\u00f3n de documentaci\u00f3n original de la segunda del listado complementario de la plaza de Profesor de m\u00fasica (Piano, m\u00fasica y movimiento): Hasta el 8 de enero de 2025<\/p>\n<p>Puntuaci\u00f3n final plazas T\u00e9cnico de Empleo y Desarrollo Local despu\u00e9s de resoluci\u00f3n recurso de alzada interpuesto: Descargar de documentos adjuntos.<\/p>\n<p>Presentaci\u00f3n de documentaci\u00f3n original de la tercera del listado complementario de la plaza de Profesor de m\u00fasica (Piano, m\u00fasica y movimiento): Hasta el 23 de enero de 2025<\/p>\n<p><span style=\"text-decoration: underline;\"><strong>RESOLUCI\u00d3N CONTRATACI\u00d3N PERSONAL<\/strong><\/span>: Descargar de documentos adjuntos.<br \/>\n<strong>PUBLICACI\u00d3N BOP<\/strong>: <a href=\"https:\/\/sede.diputaciondesalamanca.gob.es\/documentacion\/bop\/2025\/20250103\/BOP-SA-20250103-005.pdf\" target=\"_blank\" rel=\"noopener\">03\/01\/2025<\/a><\/p>\n<p><strong>CREACI\u00d3N BOLSAS DE EMPLEO<\/strong>: Descargar de documentos adjuntos<\/p>\n<p><strong>DOCUMENTOS<\/strong>:<\/p>\n<table style=\"border-collapse: collapse; width: 35.8794%; height: 64px;\" border=\"1\">\n<tbody>\n<tr style=\"height: 37px;\">\n<td style=\"width: 4.40229%; height: 37px;\"><img loading=\"lazy\" decoding=\"async\" class=\"alignnone size-full wp-image-2609\" src=\"https:\/\/www.ciudadrodrigo.es\/ayuntamiento\/wp-content\/uploads\/2018\/05\/iconoDescargaWord_peq.png\" alt=\"\" width=\"30\" height=\"30\" \/><\/td>\n<td style=\"width: 254.775%; height: 37px;\"><a href=\"https:\/\/www.ciudadrodrigo.es\/ayuntamiento\/wp-content\/uploads\/2022\/12\/ANEXO-II.doc\" target=\"_blank\" rel=\"noopener\">ANEXO II<\/a><\/td>\n<\/tr>\n<tr style=\"height: 37px;\">\n<td style=\"width: 4.40229%; height: 37px;\"><img loading=\"lazy\" decoding=\"async\" class=\"alignnone size-full wp-image-2609\" src=\"https:\/\/www.ciudadrodrigo.es\/ayuntamiento\/wp-content\/uploads\/2018\/05\/iconoDescargaWord_peq.png\" alt=\"\" width=\"30\" height=\"30\" \/><\/td>\n<td style=\"width: 254.775%; height: 37px;\"><a href=\"https:\/\/www.ciudadrodrigo.es\/ayuntamiento\/wp-content\/uploads\/2022\/12\/ANEXO-III.doc\" target=\"_blank\" rel=\"noopener\">ANEXO III<\/a><\/td>\n<\/tr>\n<tr style=\"height: 37px;\">\n<td style=\"width: 4.40229%; height: 37px;\"><img loading=\"lazy\" decoding=\"async\" class=\"alignnone size-full wp-image-2515\" src=\"https:\/\/www.ciudadrodrigo.es\/ayuntamiento\/wp-content\/uploads\/2018\/04\/iconoDescargaPdf.png\" alt=\"\" width=\"30\" height=\"30\" \/><\/td>\n<td style=\"width: 254.775%; height: 37px;\"><a href=\"https:\/\/www.ciudadrodrigo.es\/ayuntamiento\/wp-content\/uploads\/2022\/12\/Anuncio-rectificacion-de-Bases.pdf\" target=\"_blank\" rel=\"noopener\">ANUNCIO RECTIFICACI\u00d3N BASES<\/a><\/td>\n<\/tr>\n<tr style=\"height: 37px;\">\n<td style=\"width: 4.40229%; height: 37px;\"><img loading=\"lazy\" decoding=\"async\" class=\"alignnone size-full wp-image-2515\" src=\"https:\/\/www.ciudadrodrigo.es\/ayuntamiento\/wp-content\/uploads\/2018\/04\/iconoDescargaPdf.png\" alt=\"\" width=\"30\" height=\"30\" \/><\/td>\n<td style=\"width: 254.775%; height: 37px;\"><a href=\"https:\/\/www.ciudadrodrigo.es\/ayuntamiento\/wp-content\/uploads\/2023\/06\/Anuncio-web-y-tablon-de-anuncios.pdf\" target=\"_blank\" rel=\"noopener\">LISTADO PROVISIONAL DE ADMITIDOS Y EXCLUIDOS<\/a><\/td>\n<\/tr>\n<tr style=\"height: 37px;\">\n<td style=\"width: 4.40229%; height: 37px;\"><img loading=\"lazy\" decoding=\"async\" class=\"alignnone size-full wp-image-2515\" src=\"https:\/\/www.ciudadrodrigo.es\/ayuntamiento\/wp-content\/uploads\/2018\/04\/iconoDescargaPdf.png\" alt=\"\" width=\"30\" height=\"30\" \/><\/td>\n<td style=\"width: 254.775%; height: 37px;\"><a href=\"https:\/\/www.ciudadrodrigo.es\/ayuntamiento\/wp-content\/uploads\/2023\/08\/LISTADO-DEFINITIVO-ANUNCIO-WEB-Y-TABLON.pdf\" target=\"_blank\" rel=\"noopener\">LISTADO DEFINITIVO DE ADMITIDOS Y EXCLUIDOS<\/a><\/td>\n<\/tr>\n<tr style=\"height: 24px;\">\n<td style=\"width: 4.40229%; height: 24px;\"><img loading=\"lazy\" decoding=\"async\" class=\"alignnone size-full wp-image-2515\" src=\"https:\/\/www.ciudadrodrigo.es\/ayuntamiento\/wp-content\/uploads\/2018\/04\/iconoDescargaPdf.png\" alt=\"\" width=\"30\" height=\"30\" \/><\/td>\n<td style=\"width: 254.775%; height: 24px;\"><a href=\"https:\/\/www.ciudadrodrigo.es\/ayuntamiento\/wp-content\/uploads\/2022\/12\/VALORACION-PROVISIONAL.pdf\" target=\"_blank\" rel=\"noopener\">ANUNCIO VALORACI\u00d3N PROVISIONAL DE M\u00c9RITOS<\/a><\/td>\n<\/tr>\n<tr style=\"height: 37px;\">\n<td style=\"width: 4.40229%; height: 37px;\"><img decoding=\"async\" src=\"https:\/\/www.ciudadrodrigo.es\/ayuntamiento\/wp-content\/uploads\/2018\/04\/iconoDescargaPdf.png\" \/><\/td>\n<td style=\"width: 254.775%; height: 37px;\"><a href=\"https:\/\/www.ciudadrodrigo.es\/ayuntamiento\/wp-content\/uploads\/2024\/11\/1-Anuncio-calificacion-final-y-propuesta-de-contratacion.-Proceso-de-estabilizacion-Arquitecto.pdf\" target=\"_blank\" rel=\"noopener\">CALIFICACI\u00d3N FINAL Y PROPUESTA DE CONTRATACI\u00d3N. 1 PLAZA DE ARQUITECTO<\/a><\/td>\n<\/tr>\n<tr style=\"height: 37px;\">\n<td style=\"width: 4.40229%; height: 37px;\"><img decoding=\"async\" src=\"https:\/\/www.ciudadrodrigo.es\/ayuntamiento\/wp-content\/uploads\/2018\/04\/iconoDescargaPdf.png\" \/><\/td>\n<td style=\"width: 254.775%; height: 37px;\"><a href=\"https:\/\/www.ciudadrodrigo.es\/ayuntamiento\/wp-content\/uploads\/2024\/11\/2-Anuncio-calificacion-final-y-propuesta-de-contratacion.-Proceso-de-estabilizacion-Arquitecto-Tecnico.pdf\" target=\"_blank\" rel=\"noopener\">CALIFICACI\u00d3N FINAL Y PROPUESTA DE CONTRATACI\u00d3N. 1 PLAZA DE ARQUITECTO T\u00c9CNICO<\/a><\/td>\n<\/tr>\n<tr style=\"height: 37px;\">\n<td style=\"width: 4.40229%; height: 37px;\"><img decoding=\"async\" src=\"https:\/\/www.ciudadrodrigo.es\/ayuntamiento\/wp-content\/uploads\/2018\/04\/iconoDescargaPdf.png\" \/><\/td>\n<td style=\"width: 254.775%; height: 37px;\"><a href=\"https:\/\/www.ciudadrodrigo.es\/ayuntamiento\/wp-content\/uploads\/2024\/11\/3-Anuncio-calificacion-final-y-propuesta-de-contratacion.-Proceso-de-estabilizacion-Tecnico-de-Empleo-y-Desarrollo.pdf\" target=\"_blank\" rel=\"noopener\">ESTUDIO ALEGACIONES, CALIFICACI\u00d3N FINAL Y PROPUESTA DE CONTRATACI\u00d3N. 2 PLAZAS DE T\u00c9CNICO DE EMPLEO Y DESARROLLO<\/a><\/td>\n<\/tr>\n<tr style=\"height: 37px;\">\n<td style=\"width: 4.40229%; height: 37px;\"><img decoding=\"async\" src=\"https:\/\/www.ciudadrodrigo.es\/ayuntamiento\/wp-content\/uploads\/2018\/04\/iconoDescargaPdf.png\" \/><\/td>\n<td style=\"width: 254.775%; height: 37px;\"><a href=\"https:\/\/www.ciudadrodrigo.es\/ayuntamiento\/wp-content\/uploads\/2024\/11\/4-Anuncio-calificacion-final-y-propuesta-de-contratacion-proceso-de-estabilizacion-dos-plazas-de-Auxiliar-Administrativo.pdf\" target=\"_blank\" rel=\"noopener\">CALIFICACI\u00d3N FINAL Y PROPUESTA DE CONTRATACI\u00d3N. 2 PLAZAS AUXILIAR ADMINISTRATIVO<\/a><\/td>\n<\/tr>\n<tr style=\"height: 37px;\">\n<td style=\"width: 4.40229%; height: 37px;\"><img decoding=\"async\" src=\"https:\/\/www.ciudadrodrigo.es\/ayuntamiento\/wp-content\/uploads\/2018\/04\/iconoDescargaPdf.png\" \/><\/td>\n<td style=\"width: 254.775%; height: 37px;\"><a href=\"https:\/\/www.ciudadrodrigo.es\/ayuntamiento\/wp-content\/uploads\/2024\/11\/5-Anuncio-estudio-de-alegaciones-calificacion-final-y-propuesta-de-contratacion-proceso-de-estabilizacion-dos-plazas-de-Oficial-1a-Oficios-varios.pdf\" target=\"_blank\" rel=\"noopener\">ESTUDIO ALEGACIONES, CALIFICACI\u00d3N FINAL Y PROPUESTA DE CONTRATACI\u00d3N. 2 PLAZAS OFICIAL 1\u00aa OFICIOS VARIOS<\/a><\/td>\n<\/tr>\n<tr style=\"height: 37px;\">\n<td style=\"width: 4.40229%; height: 37px;\"><img decoding=\"async\" src=\"https:\/\/www.ciudadrodrigo.es\/ayuntamiento\/wp-content\/uploads\/2018\/04\/iconoDescargaPdf.png\" \/><\/td>\n<td style=\"width: 254.775%; height: 37px;\"><a href=\"https:\/\/www.ciudadrodrigo.es\/ayuntamiento\/wp-content\/uploads\/2024\/11\/6-Anuncio-calificacion-final-y-propuesta-de-contratacion-proceso-de-estabilizacion-Oficial-1a-carpinteria-metalica.pdf\" target=\"_blank\" rel=\"noopener\">CALIFICACI\u00d3N FINAL Y PROPUESTA DE CONTRATACI\u00d3N. 1 PLAZA DE OFICIAL 1\u00aa CARPINTER\u00cdA MET\u00c1LICA<\/a><\/td>\n<\/tr>\n<tr style=\"height: 37px;\">\n<td style=\"width: 4.40229%; height: 37px;\"><img decoding=\"async\" src=\"https:\/\/www.ciudadrodrigo.es\/ayuntamiento\/wp-content\/uploads\/2018\/04\/iconoDescargaPdf.png\" \/><\/td>\n<td style=\"width: 254.775%; height: 37px;\"><a href=\"https:\/\/www.ciudadrodrigo.es\/ayuntamiento\/wp-content\/uploads\/2024\/11\/7-Anuncio-calificacion-final-y-propuesta-de-contratacion-proceso-de-estabilizacion-peon.pdf\" target=\"_blank\" rel=\"noopener\">CALIFICACI\u00d3N FINAL Y PROPUESTA DE CONTRATACI\u00d3N. 1 PLAZA DE PE\u00d3N<\/a><\/td>\n<\/tr>\n<tr style=\"height: 37px;\">\n<td style=\"width: 4.40229%; height: 37px;\"><img decoding=\"async\" src=\"https:\/\/www.ciudadrodrigo.es\/ayuntamiento\/wp-content\/uploads\/2018\/04\/iconoDescargaPdf.png\" \/><\/td>\n<td style=\"width: 254.775%; height: 37px;\"><a href=\"https:\/\/www.ciudadrodrigo.es\/ayuntamiento\/wp-content\/uploads\/2024\/11\/8-Anuncio-calificacion-final-y-propuesta-de-contratacion-proceso-de-estabilizacion-Profesor-de-musica-Saxofon_Director.pdf\" target=\"_blank\" rel=\"noopener\">CALIFICACI\u00d3N FINAL Y PROPUESTA DE CONTRATACI\u00d3N. 1 PLAZA DE PROFESOR DE M\u00daSICA (SAXOF\u00d3N\/DIRECTOR)<\/a><\/td>\n<\/tr>\n<tr style=\"height: 37px;\">\n<td style=\"width: 4.40229%; height: 37px;\"><img decoding=\"async\" src=\"https:\/\/www.ciudadrodrigo.es\/ayuntamiento\/wp-content\/uploads\/2018\/04\/iconoDescargaPdf.png\" \/><\/td>\n<td style=\"width: 254.775%; height: 37px;\"><a href=\"https:\/\/www.ciudadrodrigo.es\/ayuntamiento\/wp-content\/uploads\/2024\/11\/9-Anuncio-calificacion-final-y-propuesta-de-contratacion-proceso-de-estabilizacion-Profesor-de-musica-Piano_Jefatura-de-Estudios.pdf\" target=\"_blank\" rel=\"noopener\">CALIFICACI\u00d3N FINAL Y PROPUESTA DE CONTRATACI\u00d3N. 1 PLAZA DE PROFESOR DE M\u00daSICA (PIANO\/JEFATURA DE ESTUDIOS)<\/a><\/td>\n<\/tr>\n<tr style=\"height: 37px;\">\n<td style=\"width: 4.40229%; height: 37px;\"><img decoding=\"async\" src=\"https:\/\/www.ciudadrodrigo.es\/ayuntamiento\/wp-content\/uploads\/2018\/04\/iconoDescargaPdf.png\" \/><\/td>\n<td style=\"width: 254.775%; height: 37px;\"><a href=\"https:\/\/www.ciudadrodrigo.es\/ayuntamiento\/wp-content\/uploads\/2024\/11\/10-Anuncio-calificacion-final-y-propuesta-de-contratacion-proceso-de-estabilizacion-Profesor-de-musica-guitarra.pdf\" target=\"_blank\" rel=\"noopener\">CALIFICACI\u00d3N FINAL Y PROPUESTA DE CONTRATACI\u00d3N. 1 PLAZA DE PROFESOR DE M\u00daSICA (GUITARRA)<\/a><\/td>\n<\/tr>\n<tr style=\"height: 37px;\">\n<td style=\"width: 4.40229%; height: 37px;\"><img decoding=\"async\" src=\"https:\/\/www.ciudadrodrigo.es\/ayuntamiento\/wp-content\/uploads\/2018\/04\/iconoDescargaPdf.png\" \/><\/td>\n<td style=\"width: 254.775%; height: 37px;\"><a href=\"https:\/\/www.ciudadrodrigo.es\/ayuntamiento\/wp-content\/uploads\/2024\/11\/11-Anuncio-calificacion-final-y-propuesta-de-contratacion-proceso-de-estabilizacion-Profesor-de-musica-Trompeta.pdf\" target=\"_blank\" rel=\"noopener\">CALIFICACI\u00d3N FINAL Y PROPUESTA DE CONTRATACI\u00d3N. 1 PLAZA DE PROFESOR DE M\u00daSICA (TROMPETA)<\/a><\/td>\n<\/tr>\n<tr style=\"height: 37px;\">\n<td style=\"width: 4.40229%; height: 37px;\"><img decoding=\"async\" src=\"https:\/\/www.ciudadrodrigo.es\/ayuntamiento\/wp-content\/uploads\/2018\/04\/iconoDescargaPdf.png\" \/><\/td>\n<td style=\"width: 254.775%; height: 37px;\"><a href=\"https:\/\/www.ciudadrodrigo.es\/ayuntamiento\/wp-content\/uploads\/2024\/11\/12-Anuncio-calificacion-final-y-propuesta-de-contratacion-proceso-de-estabilizacion-Profesor-de-musica-Violin.pdf\" target=\"_blank\" rel=\"noopener\">CALIFICACI\u00d3N FINAL Y PROPUESTA DE CONTRATACI\u00d3N. 1 PLAZA DE PROFESOR DE M\u00daSICA (VIOL\u00cdN)<\/a><\/td>\n<\/tr>\n<tr style=\"height: 37px;\">\n<td style=\"width: 4.40229%; height: 37px;\"><img decoding=\"async\" src=\"https:\/\/www.ciudadrodrigo.es\/ayuntamiento\/wp-content\/uploads\/2018\/04\/iconoDescargaPdf.png\" \/><\/td>\n<td style=\"width: 254.775%; height: 37px;\"><a href=\"https:\/\/www.ciudadrodrigo.es\/ayuntamiento\/wp-content\/uploads\/2024\/11\/13-Anuncio-calificacion-final-y-propuesta-de-contratacion-proceso-de-estabilizacion-Profesor-de-musica-Acordeon.pdf\" target=\"_blank\" rel=\"noopener\">CALIFICACI\u00d3N FINAL Y PROPUESTA DE CONTRATACI\u00d3N. 1 PLAZA DE PROFESOR DE M\u00daSICA (ACORDE\u00d3N)<\/a><\/td>\n<\/tr>\n<tr style=\"height: 23px;\">\n<td style=\"width: 4.40229%; height: 23px;\"><img decoding=\"async\" src=\"https:\/\/www.ciudadrodrigo.es\/ayuntamiento\/wp-content\/uploads\/2018\/04\/iconoDescargaPdf.png\" \/><\/td>\n<td style=\"width: 254.775%; height: 23px;\"><a href=\"https:\/\/www.ciudadrodrigo.es\/ayuntamiento\/wp-content\/uploads\/2024\/11\/14-Anuncio-calificacion-final-y-propuesta-de-contratacion-proceso-de-estabilizacion-Profesor-de-musica-Flauta-Travesera.pdf\" target=\"_blank\" rel=\"noopener\">CALIFICACI\u00d3N FINAL Y PROPUESTA DE CONTRATACI\u00d3N. 1 PLAZA DE PROFESOR DE M\u00daSICA (FLAUTA TRAVESERA)<\/a><\/td>\n<\/tr>\n<tr style=\"height: 24px;\">\n<td style=\"width: 4.40229%; height: 24px;\"><img decoding=\"async\" src=\"https:\/\/www.ciudadrodrigo.es\/ayuntamiento\/wp-content\/uploads\/2018\/04\/iconoDescargaPdf.png\" \/><\/td>\n<td style=\"width: 254.775%; height: 24px;\"><a href=\"https:\/\/www.ciudadrodrigo.es\/ayuntamiento\/wp-content\/uploads\/2024\/11\/15-Anuncio-calificacion-final-y-propuesta-de-contratacion-proceso-de-estabilizacion-Profesor-de-musica-Percusion.pdf\" target=\"_blank\" rel=\"noopener\">CALIFICACI\u00d3N FINAL Y PROPUESTA DE CONTRATACI\u00d3N. 1 PLAZA DE PROFESOR DE M\u00daSICA (PERCUSI\u00d3N)<\/a><\/td>\n<\/tr>\n<tr style=\"height: 24px;\">\n<td style=\"width: 4.40229%; height: 24px;\"><img decoding=\"async\" src=\"https:\/\/www.ciudadrodrigo.es\/ayuntamiento\/wp-content\/uploads\/2018\/04\/iconoDescargaPdf.png\" \/><\/td>\n<td style=\"width: 254.775%; height: 24px;\"><a href=\"https:\/\/www.ciudadrodrigo.es\/ayuntamiento\/wp-content\/uploads\/2024\/11\/16-Anuncio-calificacion-final-y-propuesta-de-contratacion-proceso-de-estabilizacion-Profesor-de-musica-Viola.pdf\" target=\"_blank\" rel=\"noopener\">CALIFICACI\u00d3N FINAL Y PROPUESTA DE CONTRATACI\u00d3N. 1 PLAZA DE PROFESOR DE M\u00daSICA (VIOLA)<\/a><\/td>\n<\/tr>\n<tr style=\"height: 96px;\">\n<td style=\"width: 4.40229%; height: 96px;\"><img decoding=\"async\" src=\"https:\/\/www.ciudadrodrigo.es\/ayuntamiento\/wp-content\/uploads\/2018\/04\/iconoDescargaPdf.png\" \/><\/td>\n<td style=\"width: 254.775%; height: 96px;\"><a href=\"https:\/\/www.ciudadrodrigo.es\/ayuntamiento\/wp-content\/uploads\/2024\/11\/17-Anuncio-calificacion-final-y-propuesta-de-contratacion-proceso-de-estabilizacion-Profesor-de-musica-Piano-musica-y-movimiento.pdf\" target=\"_blank\" rel=\"noopener\">CALIFICACI\u00d3N FINAL Y PROPUESTA DE CONTRATACI\u00d3N. 1 PLAZA DE PROFESOR DE M\u00daSICA (PIANO, M\u00daSICA Y MOVIMIENTO)<\/a><\/td>\n<\/tr>\n<tr style=\"height: 72px;\">\n<td style=\"width: 4.40229%; height: 72px;\"><img decoding=\"async\" src=\"https:\/\/www.ciudadrodrigo.es\/ayuntamiento\/wp-content\/uploads\/2018\/04\/iconoDescargaPdf.png\" \/><\/td>\n<td style=\"width: 254.775%; height: 72px;\"><a href=\"https:\/\/www.ciudadrodrigo.es\/ayuntamiento\/wp-content\/uploads\/2022\/12\/18-Anuncio-propuesta-contratacion-primer-candidato-de-la-lista-complementaria-Profesor-de-musica-Flauta-Travesera.pdf\" target=\"_blank\" rel=\"noopener\">PROPUESTA CONTRATACI\u00d3N PRIMERA DE LA LISTA COMPLEMENTARIA PLAZA DE PROFESOR DE M\u00daSICA (FLAUTA TRAVESERA)<\/a><\/td>\n<\/tr>\n<tr style=\"height: 72px;\">\n<td style=\"width: 4.40229%; height: 72px;\"><img decoding=\"async\" src=\"https:\/\/www.ciudadrodrigo.es\/ayuntamiento\/wp-content\/uploads\/2018\/04\/iconoDescargaPdf.png\" \/><\/td>\n<td style=\"width: 254.775%; height: 72px;\"><a href=\"https:\/\/www.ciudadrodrigo.es\/ayuntamiento\/wp-content\/uploads\/2022\/12\/19-Anuncio-propuesta-contratacion-primer-candidato-de-la-lista-complementaria-Profesor-de-musica-Musica-piano-y-movimiento.pdf\" target=\"_blank\" rel=\"noopener\">PROPUESTA CONTRATACI\u00d3N PRIMERA DE LA LISTA COMPLEMENTARIA PLAZA PROFESOR DE M\u00daSICA (PIANO, M\u00daSICA Y MOVIMIENTO)<\/a><\/td>\n<\/tr>\n<tr style=\"height: 24px;\">\n<td style=\"width: 4.40229%; height: 24px;\"><img decoding=\"async\" src=\"https:\/\/www.ciudadrodrigo.es\/ayuntamiento\/wp-content\/uploads\/2018\/04\/iconoDescargaPdf.png\" \/><\/td>\n<td style=\"width: 254.775%; height: 24px;\"><a href=\"https:\/\/www.ciudadrodrigo.es\/ayuntamiento\/wp-content\/uploads\/2022\/12\/20-Anuncio-propuesta-contratacion-segundo-candidato-de-la-lista-complementaria-Profesor-de-musica-Musica-piano-y-movimiento.pdf\" target=\"_blank\" rel=\"noopener\">PROPUESTA CONTRATACI\u00d3N SEGUNDA DE LA LISTA COMPLEMENTARIA. PLAZA PROFESOR DE M\u00daSICA (PIANO, M\u00daSICA Y MOVIMIENTO)<\/a><\/td>\n<\/tr>\n<tr style=\"height: 25px;\">\n<td style=\"width: 4.40229%; height: 25px;\"><img decoding=\"async\" src=\"https:\/\/www.ciudadrodrigo.es\/ayuntamiento\/wp-content\/uploads\/2018\/04\/iconoDescargaPdf.png\" \/><\/td>\n<td style=\"width: 254.775%; height: 25px;\"><a href=\"https:\/\/www.ciudadrodrigo.es\/ayuntamiento\/wp-content\/uploads\/2022\/12\/21-Anuncio-puntuacion-final-plazas-de-Tecnico-de-Empleo-y-Desarrollo-Local-tras-la-estimacion-del-recurso-de-alzada-interpuesto.pdf\" target=\"_blank\" rel=\"noopener\">PUNTUACI\u00d3N FINAL PLAZAS DE T\u00c9CNICO DE EMPLEO Y DESARROLLO LOCAL<\/a><\/td>\n<\/tr>\n<tr style=\"height: 25px;\">\n<td style=\"width: 4.40229%; height: 25px;\"><img decoding=\"async\" src=\"https:\/\/www.ciudadrodrigo.es\/ayuntamiento\/wp-content\/uploads\/2018\/04\/iconoDescargaPdf.png\" \/><\/td>\n<td style=\"width: 254.775%; height: 25px;\"><a href=\"https:\/\/www.ciudadrodrigo.es\/ayuntamiento\/wp-content\/uploads\/2022\/12\/22-Anuncio-propuesta-contratacion-tercer-candidato-de-la-lista-complementaria-Profesor-de-musica-Musica-piano-y-movimiento.pdf\" target=\"_blank\" rel=\"noopener\">PROPUESTA CONTRATACI\u00d3N TERCERA DE LA LISTA COMPLEMENTARIA. PLAZA PROFESOR DE M\u00daSICA (PIANO, M\u00daSICA Y MOVIMIENTO)<\/a><\/td>\n<\/tr>\n<tr>\n<td style=\"width: 4.40229%;\"><img decoding=\"async\" src=\"https:\/\/www.ciudadrodrigo.es\/ayuntamiento\/wp-content\/uploads\/2018\/04\/iconoDescargaPdf.png\" \/><\/td>\n<td style=\"width: 254.775%;\"><a href=\"https:\/\/www.ciudadrodrigo.es\/ayuntamiento\/wp-content\/uploads\/2022\/12\/ANUNCIO-CONTRATACION-PERSONAL-ESTABILIZACION.pdf\" target=\"_blank\" rel=\"noopener\">RESOLUCI\u00d3N CONTRATACI\u00d3N PERSONAL<\/a><\/td>\n<\/tr>\n<tr>\n<td style=\"width: 4.40229%;\"><img decoding=\"async\" src=\"https:\/\/www.ciudadrodrigo.es\/ayuntamiento\/wp-content\/uploads\/2018\/04\/iconoDescargaPdf.png\" \/><\/td>\n<td style=\"width: 254.775%;\"><a href=\"https:\/\/www.ciudadrodrigo.es\/ayuntamiento\/wp-content\/uploads\/2022\/12\/Anncio-creacion-bolsa-de-empleo-de-los-Procesos-de-seleccion-de-Estabilizacion-de-Empleo-Temporal.pdf\" target=\"_blank\" rel=\"noopener\">ANUNCIO CREACI\u00d3N BOLSAS DE EMPLEO<\/a><\/td>\n<\/tr>\n<\/tbody>\n<\/table>\n<p>&nbsp;<\/p>\n","protected":false},"excerpt":{"rendered":"<p>R\u00c9GIMEN: Laboral SISTEMA DE SELECCI\u00d3N: Concurso PUBLICACI\u00d3N BOP: 24\/11\/2022 PUBLICACI\u00d3N BOCYL: 25\/11\/2022 PUBLICACI\u00d3N BOE: 05\/12\/2022 PRESENTACI\u00d3N DE INSTANCIAS: 20 d\u00edas h\u00e1biles a contar desde el siguiente a la publicaci\u00f3n en extracto en el BOE. Hasta el 9\/01\/2023 RECTIFICACI\u00d3N DE BASES: Por acuerdo de la Junta de Gobierno Local de fecha 19 de Diciembre de 2022 [&hellip;]<\/p>\n","protected":false},"author":4,"featured_media":0,"comment_status":"closed","ping_status":"closed","sticky":false,"template":"","format":"standard","meta":{"footnotes":""},"categories":[150],"tags":[],"class_list":["post-14105","post","type-post","status-publish","format-standard","hentry","category-convocatorias-de-empleo-publico"],"_links":{"self":[{"href":"https:\/\/www.ciudadrodrigo.es\/ayuntamiento\/wp-json\/wp\/v2\/posts\/14105","targetHints":{"allow":["GET"]}}],"collection":[{"href":"https:\/\/www.ciudadrodrigo.es\/ayuntamiento\/wp-json\/wp\/v2\/posts"}],"about":[{"href":"https:\/\/www.ciudadrodrigo.es\/ayuntamiento\/wp-json\/wp\/v2\/types\/post"}],"author":[{"embeddable":true,"href":"https:\/\/www.ciudadrodrigo.es\/ayuntamiento\/wp-json\/wp\/v2\/users\/4"}],"replies":[{"embeddable":true,"href":"https:\/\/www.ciudadrodrigo.es\/ayuntamiento\/wp-json\/wp\/v2\/comments?post=14105"}],"version-history":[{"count":24,"href":"https:\/\/www.ciudadrodrigo.es\/ayuntamiento\/wp-json\/wp\/v2\/posts\/14105\/revisions"}],"predecessor-version":[{"id":18667,"href":"https:\/\/www.ciudadrodrigo.es\/ayuntamiento\/wp-json\/wp\/v2\/posts\/14105\/revisions\/18667"}],"wp:attachment":[{"href":"https:\/\/www.ciudadrodrigo.es\/ayuntamiento\/wp-json\/wp\/v2\/media?parent=14105"}],"wp:term":[{"taxonomy":"category","embeddable":true,"href":"https:\/\/www.ciudadrodrigo.es\/ayuntamiento\/wp-json\/wp\/v2\/categories?post=14105"},{"taxonomy":"post_tag","embeddable":true,"href":"https:\/\/www.ciudadrodrigo.es\/ayuntamiento\/wp-json\/wp\/v2\/tags?post=14105"}],"curies":[{"name":"wp","href":"https:\/\/api.w.org\/{rel}","templated":true}]}}