{"id":14132,"date":"2022-12-12T11:39:31","date_gmt":"2022-12-12T10:39:31","guid":{"rendered":"https:\/\/www.ciudadrodrigo.es\/ayuntamiento\/?p=14132"},"modified":"2023-01-30T21:20:25","modified_gmt":"2023-01-30T20:20:25","slug":"bolsa-de-empleo-peon-albanileria-3","status":"publish","type":"post","link":"https:\/\/www.ciudadrodrigo.es\/ayuntamiento\/bolsa-de-empleo-peon-albanileria-3\/","title":{"rendered":"Bolsa de empleo pe\u00f3n alba\u00f1iler\u00eda"},"content":{"rendered":"<p><strong><span style=\"text-decoration: underline;\">LA SELECCI\u00d3N SE REALIZAR\u00c1 MEDIANTE OFERTA GEN\u00c9RICA AL ECYL, SOLICITANDO EN ENV\u00cdO DE 60 DEMANDANTES DE EMPLEO QUE NO HAYAN SIDO ENVIADOS EN CONVOCATORIAS ANTERIORES.<\/span><\/strong><\/p>\n<p><strong>TIPO DE CONTRATO<\/strong>: Contrato por circunstancias de la producci\u00f3n.<br \/>\n<strong>DURACI\u00d3N DEL CONTRATO<\/strong>: M\u00e1ximo de seis meses a jornada completa o parcial.<br \/>\n<strong>REQUISITOS<\/strong>: seis meses de experiencia como pe\u00f3n de alba\u00f1iler\u00eda, certificado de profesionalidad, titulaci\u00f3n acad\u00e9mica, \u00a0o acreditaci\u00f3n de haber participado en un Programa Formativo que tenga relaci\u00f3n con la especialidad a la que se opta (Escuelas Taller, Taller de Empleo, Programa Dual, Programa Mixto, Programa de Garant\u00eda Social, etc) por un per\u00edodo de seis meses.<br \/>\n<strong>PROCEDIMIENTO DE SELECCI\u00d3N<\/strong>: oferta gen\u00e9rica al ECYL y posterior proceso de selecci\u00f3n seg\u00fan bases.<\/p>\n<p><span style=\"text-decoration: underline;\"><strong>DOCUMENTOS<\/strong><\/span>:<\/p>\n<table style=\"border-collapse: collapse; width: 30.2393%; height: 29px;\" border=\"1\">\n<tbody>\n<tr>\n<td style=\"width: 11.8705%;\"><img loading=\"lazy\" decoding=\"async\" class=\"alignnone size-full wp-image-2515\" src=\"https:\/\/www.ciudadrodrigo.es\/ayuntamiento\/wp-content\/uploads\/2018\/04\/iconoDescargaPdf.png\" alt=\"\" width=\"30\" height=\"30\" \/><\/td>\n<td style=\"width: 88.1295%;\"><a href=\"https:\/\/www.ciudadrodrigo.es\/ayuntamiento\/wp-content\/uploads\/2022\/12\/BASES-PEON-ALBANIL.pdf\" target=\"_blank\" rel=\"noopener\">BASES<\/a><\/td>\n<\/tr>\n<tr>\n<td style=\"width: 11.8705%;\"><img decoding=\"async\" src=\"https:\/\/www.ciudadrodrigo.es\/ayuntamiento\/wp-content\/uploads\/2018\/04\/iconoDescargaPdf.png\" \/><\/td>\n<td style=\"width: 88.1295%;\"><a href=\"https:\/\/www.ciudadrodrigo.es\/ayuntamiento\/wp-content\/uploads\/2022\/12\/BOLSA-EMPLEO-PEONES-ANUNCIO-SELECCION.pdf\" target=\"_blank\" rel=\"noopener\">ANUNCIO SELECCI\u00d3N<\/a><\/td>\n<\/tr>\n<tr>\n<td style=\"width: 11.8705%;\"><img decoding=\"async\" src=\"https:\/\/www.ciudadrodrigo.es\/ayuntamiento\/wp-content\/uploads\/2018\/04\/iconoDescargaPdf.png\" \/><\/td>\n<td style=\"width: 88.1295%;\"><a href=\"https:\/\/www.ciudadrodrigo.es\/ayuntamiento\/wp-content\/uploads\/2023\/01\/RESOLUCION-DE-ALCALDIA-CREACION-BOLSA-DE-EMPLEO-PEON-ALBANILERIA.pdf\" target=\"_blank\" rel=\"noopener\">RESOLUCI\u00d3N ALCALD\u00cdA CREACI\u00d3N BOLSA<\/a><\/td>\n<\/tr>\n<\/tbody>\n<\/table>\n<p>&nbsp;<\/p>\n","protected":false},"excerpt":{"rendered":"<p>LA SELECCI\u00d3N SE REALIZAR\u00c1 MEDIANTE OFERTA GEN\u00c9RICA AL ECYL, SOLICITANDO EN ENV\u00cdO DE 60 DEMANDANTES DE EMPLEO QUE NO HAYAN SIDO ENVIADOS EN CONVOCATORIAS ANTERIORES. TIPO DE CONTRATO: Contrato por circunstancias de la producci\u00f3n. DURACI\u00d3N DEL CONTRATO: M\u00e1ximo de seis meses a jornada completa o parcial. REQUISITOS: seis meses de experiencia como pe\u00f3n de alba\u00f1iler\u00eda, [&hellip;]<\/p>\n","protected":false},"author":4,"featured_media":0,"comment_status":"closed","ping_status":"closed","sticky":false,"template":"","format":"standard","meta":{"footnotes":""},"categories":[150],"tags":[],"class_list":["post-14132","post","type-post","status-publish","format-standard","hentry","category-convocatorias-de-empleo-publico"],"_links":{"self":[{"href":"https:\/\/www.ciudadrodrigo.es\/ayuntamiento\/wp-json\/wp\/v2\/posts\/14132","targetHints":{"allow":["GET"]}}],"collection":[{"href":"https:\/\/www.ciudadrodrigo.es\/ayuntamiento\/wp-json\/wp\/v2\/posts"}],"about":[{"href":"https:\/\/www.ciudadrodrigo.es\/ayuntamiento\/wp-json\/wp\/v2\/types\/post"}],"author":[{"embeddable":true,"href":"https:\/\/www.ciudadrodrigo.es\/ayuntamiento\/wp-json\/wp\/v2\/users\/4"}],"replies":[{"embeddable":true,"href":"https:\/\/www.ciudadrodrigo.es\/ayuntamiento\/wp-json\/wp\/v2\/comments?post=14132"}],"version-history":[{"count":5,"href":"https:\/\/www.ciudadrodrigo.es\/ayuntamiento\/wp-json\/wp\/v2\/posts\/14132\/revisions"}],"predecessor-version":[{"id":14372,"href":"https:\/\/www.ciudadrodrigo.es\/ayuntamiento\/wp-json\/wp\/v2\/posts\/14132\/revisions\/14372"}],"wp:attachment":[{"href":"https:\/\/www.ciudadrodrigo.es\/ayuntamiento\/wp-json\/wp\/v2\/media?parent=14132"}],"wp:term":[{"taxonomy":"category","embeddable":true,"href":"https:\/\/www.ciudadrodrigo.es\/ayuntamiento\/wp-json\/wp\/v2\/categories?post=14132"},{"taxonomy":"post_tag","embeddable":true,"href":"https:\/\/www.ciudadrodrigo.es\/ayuntamiento\/wp-json\/wp\/v2\/tags?post=14132"}],"curies":[{"name":"wp","href":"https:\/\/api.w.org\/{rel}","templated":true}]}}