{"id":14374,"date":"2023-01-31T12:44:27","date_gmt":"2023-01-31T11:44:27","guid":{"rendered":"https:\/\/www.ciudadrodrigo.es\/ayuntamiento\/?p=14374"},"modified":"2023-02-07T14:52:41","modified_gmt":"2023-02-07T13:52:41","slug":"bolsa-supletoria-de-limpiadores-as-de-instalaciones-municipales","status":"publish","type":"post","link":"https:\/\/www.ciudadrodrigo.es\/ayuntamiento\/bolsa-supletoria-de-limpiadores-as-de-instalaciones-municipales\/","title":{"rendered":"Bolsa supletoria de limpiadores\/as de instalaciones municipales"},"content":{"rendered":"<p><span style=\"text-decoration: underline;\"><strong>LA SELECCI\u00d3N SE REALIZAR\u00c1 MEDIANTE OFERTA GEN\u00c9RICA AL ECYL, SOLICITANDO EL ENV\u00cdO DE 60 DEMANDANTES DE EMPLEO INSCRITOS EN ESA ESPECIALIDAD<\/strong><\/span><\/p>\n<p>Esta bolsa de empleo supletoria entrar\u00eda en funcionamiento cuando en virtud de la DA 43\u00aa de la Ley 6\/2018, de 3 de julio, de Presupuestos Generales del Estado, de vigencia indefinida, no fuera posible contratar a ning\u00fan integrante de la Bolsa de Empleo de limpiadores\/as de edificios e instalaciones municipales, creada por Resoluci\u00f3n de la Alcald\u00eda 121\/2021 de 11 de Febrero de 2021<\/p>\n<p><strong>TIPO DE CONTRATO<\/strong>: Contrato por circunstancias de la producci\u00f3n. A jornada completa o jornada parcial seg\u00fan las necesidades.<br \/>\n<strong>DURACI\u00d3N DEL CONTRATO<\/strong>: Como m\u00e1ximo de 6 meses<br \/>\n<strong>PROCEDIMIENTO DE SELECCI\u00d3N<\/strong>: Oferta gen\u00e9rica al ECYL y posterior proceso de selecci\u00f3n seg\u00fan bases.<\/p>\n<p><strong><span style=\"text-decoration: underline;\">DOCUMENTOS<\/span><\/strong>:<\/p>\n<table style=\"border-collapse: collapse; width: 30.9645%; height: 17px;\" border=\"1\">\n<tbody>\n<tr>\n<td style=\"width: 14.637%;\"><img loading=\"lazy\" decoding=\"async\" class=\"alignnone size-full wp-image-2515\" src=\"https:\/\/www.ciudadrodrigo.es\/ayuntamiento\/wp-content\/uploads\/2018\/04\/iconoDescargaPdf.png\" alt=\"\" width=\"30\" height=\"30\" \/><\/td>\n<td style=\"width: 85.363%;\"><a href=\"https:\/\/www.ciudadrodrigo.es\/ayuntamiento\/wp-content\/uploads\/2023\/01\/Bases-que-han-de-regir-la-convocatoria.pdf\" target=\"_blank\" rel=\"noopener\">BASES<\/a><\/td>\n<\/tr>\n<tr>\n<td style=\"width: 14.637%;\"><img loading=\"lazy\" decoding=\"async\" class=\"alignnone size-full wp-image-2515\" src=\"https:\/\/www.ciudadrodrigo.es\/ayuntamiento\/wp-content\/uploads\/2018\/04\/iconoDescargaPdf.png\" alt=\"\" width=\"30\" height=\"30\" \/><\/td>\n<td style=\"width: 85.363%;\"><a href=\"https:\/\/www.ciudadrodrigo.es\/ayuntamiento\/wp-content\/uploads\/2023\/02\/ANUNCIO-BOLSA-EMPLEO-LIMPIADORES-AS.pdf\" target=\"_blank\" rel=\"noopener\">ANUNCIO LISTADO ASPIRANTES<\/a><\/td>\n<\/tr>\n<\/tbody>\n<\/table>\n<p>&nbsp;<\/p>\n","protected":false},"excerpt":{"rendered":"<p>LA SELECCI\u00d3N SE REALIZAR\u00c1 MEDIANTE OFERTA GEN\u00c9RICA AL ECYL, SOLICITANDO EL ENV\u00cdO DE 60 DEMANDANTES DE EMPLEO INSCRITOS EN ESA ESPECIALIDAD Esta bolsa de empleo supletoria entrar\u00eda en funcionamiento cuando en virtud de la DA 43\u00aa de la Ley 6\/2018, de 3 de julio, de Presupuestos Generales del Estado, de vigencia indefinida, no fuera posible [&hellip;]<\/p>\n","protected":false},"author":4,"featured_media":0,"comment_status":"closed","ping_status":"closed","sticky":false,"template":"","format":"standard","meta":{"footnotes":""},"categories":[150],"tags":[],"class_list":["post-14374","post","type-post","status-publish","format-standard","hentry","category-convocatorias-de-empleo-publico"],"_links":{"self":[{"href":"https:\/\/www.ciudadrodrigo.es\/ayuntamiento\/wp-json\/wp\/v2\/posts\/14374","targetHints":{"allow":["GET"]}}],"collection":[{"href":"https:\/\/www.ciudadrodrigo.es\/ayuntamiento\/wp-json\/wp\/v2\/posts"}],"about":[{"href":"https:\/\/www.ciudadrodrigo.es\/ayuntamiento\/wp-json\/wp\/v2\/types\/post"}],"author":[{"embeddable":true,"href":"https:\/\/www.ciudadrodrigo.es\/ayuntamiento\/wp-json\/wp\/v2\/users\/4"}],"replies":[{"embeddable":true,"href":"https:\/\/www.ciudadrodrigo.es\/ayuntamiento\/wp-json\/wp\/v2\/comments?post=14374"}],"version-history":[{"count":4,"href":"https:\/\/www.ciudadrodrigo.es\/ayuntamiento\/wp-json\/wp\/v2\/posts\/14374\/revisions"}],"predecessor-version":[{"id":14433,"href":"https:\/\/www.ciudadrodrigo.es\/ayuntamiento\/wp-json\/wp\/v2\/posts\/14374\/revisions\/14433"}],"wp:attachment":[{"href":"https:\/\/www.ciudadrodrigo.es\/ayuntamiento\/wp-json\/wp\/v2\/media?parent=14374"}],"wp:term":[{"taxonomy":"category","embeddable":true,"href":"https:\/\/www.ciudadrodrigo.es\/ayuntamiento\/wp-json\/wp\/v2\/categories?post=14374"},{"taxonomy":"post_tag","embeddable":true,"href":"https:\/\/www.ciudadrodrigo.es\/ayuntamiento\/wp-json\/wp\/v2\/tags?post=14374"}],"curies":[{"name":"wp","href":"https:\/\/api.w.org\/{rel}","templated":true}]}}