{"id":14932,"date":"2023-05-25T14:51:21","date_gmt":"2023-05-25T12:51:21","guid":{"rendered":"https:\/\/www.ciudadrodrigo.es\/ayuntamiento\/?p=14932"},"modified":"2023-06-07T08:46:33","modified_gmt":"2023-06-07T06:46:33","slug":"autorizacion-de-uso-excepcional-en-suelo-rustico-para-construccion-y-explotacion-de-parque-solar-fotovoltaico-ciudad-rodrigo-ii-de-1675-mw-en-la-parcela-42-del-poligono-9","status":"publish","type":"post","link":"https:\/\/www.ciudadrodrigo.es\/ayuntamiento\/autorizacion-de-uso-excepcional-en-suelo-rustico-para-construccion-y-explotacion-de-parque-solar-fotovoltaico-ciudad-rodrigo-ii-de-1675-mw-en-la-parcela-42-del-poligono-9\/","title":{"rendered":"Autorizaci\u00f3n de uso excepcional en suelo r\u00fastico para construcci\u00f3n y explotaci\u00f3n de parque solar fotovoltaico \u201cCiudad Rodrigo II\u201d de 16,75 MW, en la parcela 42 del pol\u00edgono 9"},"content":{"rendered":"<p><strong>\u00d3RGANO QUE ORDENA LA PUBLICACI\u00d3N<\/strong>: Alcald\u00eda.<br \/>\n<strong>PUBLICACI\u00d3N WEB<\/strong>:\u00a0 \u00a025 de mayo de 2023<br \/>\n<strong>PUBLICACI\u00d3N BOCY<\/strong>L:\u00a0 <a href=\"https:\/\/bocyl.jcyl.es\/boletines\/2023\/05\/31\/pdf\/BOCYL-D-31052023-55.pdf\" target=\"_blank\" rel=\"noopener\">31\/05\/2023. <\/a><br \/>\n<strong>PUBLICACI\u00d3N PRENSA<\/strong>:\u00a0 \u00a0<a href=\"https:\/\/www.ciudadrodrigo.es\/ayuntamiento\/wp-content\/uploads\/2023\/06\/GACETA-La-Gaceta-01_06_2023-20.pdf\" target=\"_blank\" rel=\"noopener\">La Gaceta 01\/06\/2023<\/a><br \/>\n<strong>PRESENTACI\u00d3N DE ALEGACIONES<\/strong>: 20 d\u00edas h\u00e1biles a contar desde la \u00faltima de las publicaciones. Hasta el 5 de julio de 2023.<\/p>\n<p>En el anuncio del BOCYL publicado el 31\/05\/2023, existe un error:<br \/>\nDonde dice: \u00ab4.- \u00c1mbito de aplicaci\u00f3n: parcela 46 del pol\u00edgono 9\u00bb<br \/>\nDebe decir: \u00ab4.- \u00c1mbito de aplicaci\u00f3n: parcela 42 del pol\u00edgono 9\u00bb<br \/>\n<strong>PUBLICACI\u00d3N BOCYL CORRECCI\u00d3N DE ERRORES<\/strong>: <a href=\"https:\/\/bocyl.jcyl.es\/boletines\/2023\/06\/07\/pdf\/BOCYL-D-07062023-42.pdf\" target=\"_blank\" rel=\"noopener\">07\/06\/2023<\/a><\/p>\n<p>DOCUMENTOS:<\/p>\n<table style=\"border-collapse: collapse; width: 100%;\" border=\"1\">\n<tbody>\n<tr style=\"height: 24px;\">\n<td style=\"width: 3.95213%; height: 24px;\"><img loading=\"lazy\" decoding=\"async\" class=\"alignnone size-full wp-image-2515\" src=\"https:\/\/www.ciudadrodrigo.es\/ayuntamiento\/wp-content\/uploads\/2018\/04\/iconoDescargaPdf.png\" alt=\"\" width=\"30\" height=\"30\" \/><\/td>\n<td style=\"width: 17.7303%; height: 24px;\"><a href=\"https:\/\/www.ciudadrodrigo.es\/ayuntamiento\/wp-content\/uploads\/2023\/05\/ANUNCIO-NEFERTEME-BOCYL.pdf\" target=\"_blank\" rel=\"noopener\">ANUNCIO<\/a><\/td>\n<\/tr>\n<tr style=\"height: 24px;\">\n<td style=\"width: 3.95213%; height: 24px;\"><img loading=\"lazy\" decoding=\"async\" class=\"alignnone size-full wp-image-2515\" src=\"https:\/\/www.ciudadrodrigo.es\/ayuntamiento\/wp-content\/uploads\/2018\/04\/iconoDescargaPdf.png\" alt=\"\" width=\"30\" height=\"30\" \/><\/td>\n<td style=\"width: 17.7303%; height: 24px;\"><a href=\"https:\/\/www.ciudadrodrigo.es\/ayuntamiento\/wp-content\/uploads\/2023\/05\/PROYECTO.pdf\" target=\"_blank\" rel=\"noopener\">EXPEDIENTE<\/a><\/td>\n<\/tr>\n<\/tbody>\n<\/table>\n<p>&nbsp;<\/p>\n","protected":false},"excerpt":{"rendered":"<p>\u00d3RGANO QUE ORDENA LA PUBLICACI\u00d3N: Alcald\u00eda. PUBLICACI\u00d3N WEB:\u00a0 \u00a025 de mayo de 2023 PUBLICACI\u00d3N BOCYL:\u00a0 31\/05\/2023. PUBLICACI\u00d3N PRENSA:\u00a0 \u00a0La Gaceta 01\/06\/2023 PRESENTACI\u00d3N DE ALEGACIONES: 20 d\u00edas h\u00e1biles a contar desde la \u00faltima de las publicaciones. Hasta el 5 de julio de 2023. En el anuncio del BOCYL publicado el 31\/05\/2023, existe un error: Donde dice: [&hellip;]<\/p>\n","protected":false},"author":4,"featured_media":0,"comment_status":"closed","ping_status":"closed","sticky":false,"template":"","format":"standard","meta":{"footnotes":""},"categories":[151],"tags":[],"class_list":["post-14932","post","type-post","status-publish","format-standard","hentry","category-urbanismo-autorizaciones-de-uso-excepcional"],"_links":{"self":[{"href":"https:\/\/www.ciudadrodrigo.es\/ayuntamiento\/wp-json\/wp\/v2\/posts\/14932","targetHints":{"allow":["GET"]}}],"collection":[{"href":"https:\/\/www.ciudadrodrigo.es\/ayuntamiento\/wp-json\/wp\/v2\/posts"}],"about":[{"href":"https:\/\/www.ciudadrodrigo.es\/ayuntamiento\/wp-json\/wp\/v2\/types\/post"}],"author":[{"embeddable":true,"href":"https:\/\/www.ciudadrodrigo.es\/ayuntamiento\/wp-json\/wp\/v2\/users\/4"}],"replies":[{"embeddable":true,"href":"https:\/\/www.ciudadrodrigo.es\/ayuntamiento\/wp-json\/wp\/v2\/comments?post=14932"}],"version-history":[{"count":5,"href":"https:\/\/www.ciudadrodrigo.es\/ayuntamiento\/wp-json\/wp\/v2\/posts\/14932\/revisions"}],"predecessor-version":[{"id":14981,"href":"https:\/\/www.ciudadrodrigo.es\/ayuntamiento\/wp-json\/wp\/v2\/posts\/14932\/revisions\/14981"}],"wp:attachment":[{"href":"https:\/\/www.ciudadrodrigo.es\/ayuntamiento\/wp-json\/wp\/v2\/media?parent=14932"}],"wp:term":[{"taxonomy":"category","embeddable":true,"href":"https:\/\/www.ciudadrodrigo.es\/ayuntamiento\/wp-json\/wp\/v2\/categories?post=14932"},{"taxonomy":"post_tag","embeddable":true,"href":"https:\/\/www.ciudadrodrigo.es\/ayuntamiento\/wp-json\/wp\/v2\/tags?post=14932"}],"curies":[{"name":"wp","href":"https:\/\/api.w.org\/{rel}","templated":true}]}}