{"id":15286,"date":"2023-07-06T10:23:27","date_gmt":"2023-07-06T08:23:27","guid":{"rendered":"https:\/\/www.ciudadrodrigo.es\/ayuntamiento\/?p=15286"},"modified":"2023-07-06T10:23:27","modified_gmt":"2023-07-06T08:23:27","slug":"isabel-bernardo-pregonera-del-martes-mayor-2023","status":"publish","type":"post","link":"https:\/\/www.ciudadrodrigo.es\/ayuntamiento\/isabel-bernardo-pregonera-del-martes-mayor-2023\/","title":{"rendered":"Isabel Bernardo, Pregonera del Martes Mayor 2023"},"content":{"rendered":"<p>El Martes Mayor 2023 contar\u00e1 con una pregonera excepcional.<\/p>\n<p>Se trata de la salmantina Isabel Bernardo Fern\u00e1ndez.<\/p>\n<p>Escritora, poeta, conferenciante y columnista de prensa en LA GACETA de Salamanca, muy vinculada al mundo de la cultura en general, donde viene desarrollando una intensa labor desde diferentes \u00e1mbitos. Es, adem\u00e1s, miembro numerario del Centro de Estudios Salmantinos.<\/p>\n<p>Autora de los poemarios <em>Sur<\/em> (2009), <em>Tiempo de migraciones<\/em> (2014), <em>Caballos sobre el viento<\/em> (2015), <em>Flores del fuego<\/em> (2015), <em>Para que calle el viento<\/em> (2015), <em>Salve. Hijos de Eva<\/em> (2016), <em>Donde se quiebra la luz <\/em>(2017), <em>Diario del caballo, la noche y la herida<\/em> (2018), <em>\u00c1frica<\/em> (2020) y <em>Siempre adentro. Antolog\u00eda Po\u00e9tica 2005-2020<\/em> (2021).<\/p>\n<p>Autora tambi\u00e9n de varios t\u00edtulos de literatura infantil-juvenil, de la novela <em>GTB2.0: un viaje a la Gastronom\u00eda de todos los siglos en una historia de ficci\u00f3n<\/em> (2018), del ensayo: <em>Y el vivo al bollo (maim\u00f3n). Aproximaci\u00f3n a las costumbres del comer y la gastronom\u00eda salmantina desde sus manifestaciones art\u00edsticas. Del Fuero de Salamanca al Siglo de Oro<\/em> (2020), y, m\u00e1s recientemente del libro de relatos <em>Los gatos no hacen preguntas<\/em>.<\/p>\n<p>En cuanto al g\u00e9nero dram\u00e1tico, su obra <em>Pollos, t\u00f3rtolas y perniles: almuerzo en casa de la Celestina<\/em>, estrenada en Salamanca en 2022, ha sido representada el pasado mes de mayo en el Teatro Nuevo Fernando Arrabal de Ciudad Rodrigo.<\/p>\n<p>En su haber constan m\u00e1s de 15 pregones pronunciados en diferentes festividades, entre los que cabe destacar el <em>Preg\u00f3n del Centro Castellano Leon\u00e9s en Barcelona <\/em>(2008), <em>Preg\u00f3n del Bols\u00edn Taurino Mirobrigense<\/em> (2012), <em>Preg\u00f3n de Los toros a escena<\/em> (2014), <em>Preg\u00f3n de la Asociaci\u00f3n Amigos del Alguacilillo<\/em> (2015), <em>Preg\u00f3n de la Semana Santa de Salamanca<\/em> (2016), <em>Proclama por la paz<\/em> (2016) o <em>Preg\u00f3n de la Semana Santa de Salamanca en Valladolid <\/em>(2022).<\/p>\n<p>Entre sus reconocimientos est\u00e1n el <em>Premio Internacional de Poes\u00eda Flor del Almendro<\/em> (2010), <em>Premio Internacional de Poes\u00eda Carmen Montero Medina<\/em> (2012), <em>Premio Mundial Fernando Rielo de Poes\u00eda M\u00edstica <\/em>(2014), <em>Premio Modus Operandi de Relato Costumbrista<\/em> (2015) o el <em>Premio Sarmiento de Poes\u00eda<\/em> (2016). Fue <em>Poeta ante la Cruz<\/em> (2017).<\/p>\n<p>Entre sus distinciones est\u00e1n el ser <em>Hija Adoptiva de La Fuente de San Esteban<\/em> (2019) y <em>Embajadora de la Marca Ej\u00e9rcito<\/em> desde 2021.<strong>\u00a0<\/strong><\/p>\n","protected":false},"excerpt":{"rendered":"<p>El Martes Mayor 2023 contar\u00e1 con una pregonera excepcional. Se trata de la salmantina Isabel Bernardo Fern\u00e1ndez. Escritora, poeta, conferenciante y columnista de prensa en LA GACETA de Salamanca, muy vinculada al mundo de la cultura en general, donde viene desarrollando una intensa labor desde diferentes \u00e1mbitos. Es, adem\u00e1s, miembro numerario del Centro de Estudios [&hellip;]<\/p>\n","protected":false},"author":3,"featured_media":15287,"comment_status":"closed","ping_status":"closed","sticky":false,"template":"","format":"standard","meta":{"footnotes":""},"categories":[141,147],"tags":[],"class_list":["post-15286","post","type-post","status-publish","format-standard","has-post-thumbnail","hentry","category-actualidad","category-destacados"],"_links":{"self":[{"href":"https:\/\/www.ciudadrodrigo.es\/ayuntamiento\/wp-json\/wp\/v2\/posts\/15286","targetHints":{"allow":["GET"]}}],"collection":[{"href":"https:\/\/www.ciudadrodrigo.es\/ayuntamiento\/wp-json\/wp\/v2\/posts"}],"about":[{"href":"https:\/\/www.ciudadrodrigo.es\/ayuntamiento\/wp-json\/wp\/v2\/types\/post"}],"author":[{"embeddable":true,"href":"https:\/\/www.ciudadrodrigo.es\/ayuntamiento\/wp-json\/wp\/v2\/users\/3"}],"replies":[{"embeddable":true,"href":"https:\/\/www.ciudadrodrigo.es\/ayuntamiento\/wp-json\/wp\/v2\/comments?post=15286"}],"version-history":[{"count":1,"href":"https:\/\/www.ciudadrodrigo.es\/ayuntamiento\/wp-json\/wp\/v2\/posts\/15286\/revisions"}],"predecessor-version":[{"id":15288,"href":"https:\/\/www.ciudadrodrigo.es\/ayuntamiento\/wp-json\/wp\/v2\/posts\/15286\/revisions\/15288"}],"wp:featuredmedia":[{"embeddable":true,"href":"https:\/\/www.ciudadrodrigo.es\/ayuntamiento\/wp-json\/wp\/v2\/media\/15287"}],"wp:attachment":[{"href":"https:\/\/www.ciudadrodrigo.es\/ayuntamiento\/wp-json\/wp\/v2\/media?parent=15286"}],"wp:term":[{"taxonomy":"category","embeddable":true,"href":"https:\/\/www.ciudadrodrigo.es\/ayuntamiento\/wp-json\/wp\/v2\/categories?post=15286"},{"taxonomy":"post_tag","embeddable":true,"href":"https:\/\/www.ciudadrodrigo.es\/ayuntamiento\/wp-json\/wp\/v2\/tags?post=15286"}],"curies":[{"name":"wp","href":"https:\/\/api.w.org\/{rel}","templated":true}]}}