{"id":15398,"date":"2023-07-28T10:02:19","date_gmt":"2023-07-28T08:02:19","guid":{"rendered":"https:\/\/www.ciudadrodrigo.es\/ayuntamiento\/?p=15398"},"modified":"2023-08-04T09:13:24","modified_gmt":"2023-08-04T07:13:24","slug":"autorizacion-de-uso-excepcional-en-suelo-rustico-para-rehabilitacion-y-consolidacion-de-vivienda-y-almacenes-sitos-en-la-parcela-296-del-poligono-17","status":"publish","type":"post","link":"https:\/\/www.ciudadrodrigo.es\/ayuntamiento\/autorizacion-de-uso-excepcional-en-suelo-rustico-para-rehabilitacion-y-consolidacion-de-vivienda-y-almacenes-sitos-en-la-parcela-296-del-poligono-17\/","title":{"rendered":"Autorizaci\u00f3n de uso excepcional en suelo r\u00fastico para rehabilitaci\u00f3n y consolidaci\u00f3n de vivienda y almacenes sitos en la parcela 296 del pol\u00edgono 17"},"content":{"rendered":"<p><strong>\u00d3RGANO QUE ORDENA LA PUBLICACI\u00d3N<\/strong>: Alcald\u00eda.<br \/>\n<strong>PUBLICACI\u00d3N WEB<\/strong>:\u00a0 \u00a028 de julio de 2023<br \/>\n<strong>PUBLICACI\u00d3N BOCY<\/strong>L:\u00a0 <a href=\"https:\/\/bocyl.jcyl.es\/boletines\/2023\/08\/03\/pdf\/BOCYL-D-03082023-26.pdf\" target=\"_blank\" rel=\"noopener\">\u00a003-08-2023<\/a><br \/>\n<strong>PUBLICACI\u00d3N PRENSA<\/strong>:\u00a0 \u00a005-08-2023<br \/>\n<strong>PRESENTACI\u00d3N DE ALEGACIONES<\/strong>: 20 d\u00edas h\u00e1biles a contar desde la \u00faltima de las publicaciones.<\/p>\n<p><span style=\"text-decoration: underline;\"><strong>DOCUMENTOS<\/strong><\/span>:<\/p>\n<table style=\"border-collapse: collapse; width: 26.1809%; height: 37px;\" border=\"1\">\n<tbody>\n<tr>\n<td style=\"width: 15.5446%;\"><img loading=\"lazy\" decoding=\"async\" class=\"alignnone size-full wp-image-2515\" src=\"https:\/\/www.ciudadrodrigo.es\/ayuntamiento\/wp-content\/uploads\/2018\/04\/iconoDescargaPdf.png\" alt=\"\" width=\"30\" height=\"30\" \/><\/td>\n<td style=\"width: 120.541%;\"><a href=\"https:\/\/www.ciudadrodrigo.es\/ayuntamiento\/wp-content\/uploads\/2023\/07\/MEMORIA-961-2022.pdf\" target=\"_blank\" rel=\"noopener\">MEMORIA<\/a><\/td>\n<\/tr>\n<tr>\n<td style=\"width: 15.5446%;\"><img loading=\"lazy\" decoding=\"async\" class=\"alignnone size-full wp-image-2515\" src=\"https:\/\/www.ciudadrodrigo.es\/ayuntamiento\/wp-content\/uploads\/2018\/04\/iconoDescargaPdf.png\" alt=\"\" width=\"30\" height=\"30\" \/><\/td>\n<td style=\"width: 120.541%;\"><a href=\"https:\/\/www.ciudadrodrigo.es\/ayuntamiento\/wp-content\/uploads\/2023\/07\/ANUNCIO-BOCYL.pdf\" target=\"_blank\" rel=\"noopener\">ANUNCIO<\/a><\/td>\n<\/tr>\n<\/tbody>\n<\/table>\n<p>&nbsp;<\/p>\n","protected":false},"excerpt":{"rendered":"<p>\u00d3RGANO QUE ORDENA LA PUBLICACI\u00d3N: Alcald\u00eda. PUBLICACI\u00d3N WEB:\u00a0 \u00a028 de julio de 2023 PUBLICACI\u00d3N BOCYL:\u00a0 \u00a003-08-2023 PUBLICACI\u00d3N PRENSA:\u00a0 \u00a005-08-2023 PRESENTACI\u00d3N DE ALEGACIONES: 20 d\u00edas h\u00e1biles a contar desde la \u00faltima de las publicaciones. DOCUMENTOS: MEMORIA ANUNCIO &nbsp;<\/p>\n","protected":false},"author":4,"featured_media":0,"comment_status":"closed","ping_status":"closed","sticky":false,"template":"","format":"standard","meta":{"footnotes":""},"categories":[151],"tags":[],"class_list":["post-15398","post","type-post","status-publish","format-standard","hentry","category-urbanismo-autorizaciones-de-uso-excepcional"],"_links":{"self":[{"href":"https:\/\/www.ciudadrodrigo.es\/ayuntamiento\/wp-json\/wp\/v2\/posts\/15398","targetHints":{"allow":["GET"]}}],"collection":[{"href":"https:\/\/www.ciudadrodrigo.es\/ayuntamiento\/wp-json\/wp\/v2\/posts"}],"about":[{"href":"https:\/\/www.ciudadrodrigo.es\/ayuntamiento\/wp-json\/wp\/v2\/types\/post"}],"author":[{"embeddable":true,"href":"https:\/\/www.ciudadrodrigo.es\/ayuntamiento\/wp-json\/wp\/v2\/users\/4"}],"replies":[{"embeddable":true,"href":"https:\/\/www.ciudadrodrigo.es\/ayuntamiento\/wp-json\/wp\/v2\/comments?post=15398"}],"version-history":[{"count":3,"href":"https:\/\/www.ciudadrodrigo.es\/ayuntamiento\/wp-json\/wp\/v2\/posts\/15398\/revisions"}],"predecessor-version":[{"id":15448,"href":"https:\/\/www.ciudadrodrigo.es\/ayuntamiento\/wp-json\/wp\/v2\/posts\/15398\/revisions\/15448"}],"wp:attachment":[{"href":"https:\/\/www.ciudadrodrigo.es\/ayuntamiento\/wp-json\/wp\/v2\/media?parent=15398"}],"wp:term":[{"taxonomy":"category","embeddable":true,"href":"https:\/\/www.ciudadrodrigo.es\/ayuntamiento\/wp-json\/wp\/v2\/categories?post=15398"},{"taxonomy":"post_tag","embeddable":true,"href":"https:\/\/www.ciudadrodrigo.es\/ayuntamiento\/wp-json\/wp\/v2\/tags?post=15398"}],"curies":[{"name":"wp","href":"https:\/\/api.w.org\/{rel}","templated":true}]}}