{"id":15549,"date":"2023-08-24T14:16:06","date_gmt":"2023-08-24T12:16:06","guid":{"rendered":"https:\/\/www.ciudadrodrigo.es\/ayuntamiento\/?p=15549"},"modified":"2023-09-01T10:45:46","modified_gmt":"2023-09-01T08:45:46","slug":"autorizacion-de-uso-excepcional-en-suelo-rustico-para-legalizacion-de-instalaciones-existentes-para-crear-una-explotacion-de-cabestros-en-regimen-extensivo-y-centro-de-concentracion-de-lidia-en-regim","status":"publish","type":"post","link":"https:\/\/www.ciudadrodrigo.es\/ayuntamiento\/autorizacion-de-uso-excepcional-en-suelo-rustico-para-legalizacion-de-instalaciones-existentes-para-crear-una-explotacion-de-cabestros-en-regimen-extensivo-y-centro-de-concentracion-de-lidia-en-regim\/","title":{"rendered":"Autorizaci\u00f3n de uso excepcional en suelo r\u00fastico para legalizaci\u00f3n de instalaciones existentes, para crear una explotaci\u00f3n de cabestros en r\u00e9gimen extensivo y centro de concentraci\u00f3n de lidia en r\u00e9gimen intensivo, en las parcelas 4 y 5 del pol\u00edgono 25"},"content":{"rendered":"<p><strong>\u00d3RGANO QUE ORDENA LA PUBLICACI\u00d3N<\/strong>: Alcald\u00eda.<br \/>\n<strong>PUBLICACI\u00d3N WEB<\/strong>:\u00a0 \u00a024 de agosto de 2023<br \/>\n<strong>PUBLICACI\u00d3N BOCY<\/strong>L:\u00a0 \u00a0<a href=\"https:\/\/bocyl.jcyl.es\/boletines\/2023\/08\/31\/pdf\/BOCYL-D-31082023-26.pdf\" target=\"_blank\" rel=\"noopener\">31\/08\/2023<\/a><br \/>\n<strong>PUBLICACI\u00d3N PRENSA<\/strong>:\u00a0 \u00a0La Gaceta de 1\/09\/2023<br \/>\n<strong>PRESENTACI\u00d3N DE ALEGACIONES<\/strong>: 20 d\u00edas h\u00e1biles a contar desde la \u00faltima de las publicaciones. Hasta el 2 de octubre de 2023.<\/p>\n<p><strong><span style=\"text-decoration: underline;\">DOCUMENTOS<\/span><\/strong>:<\/p>\n<table style=\"border-collapse: collapse; width: 47.9333%; height: 59px;\" border=\"1\">\n<tbody>\n<tr>\n<td style=\"width: 9.15284%;\"><img loading=\"lazy\" decoding=\"async\" class=\"alignnone size-full wp-image-2515\" src=\"https:\/\/www.ciudadrodrigo.es\/ayuntamiento\/wp-content\/uploads\/2018\/04\/iconoDescargaPdf.png\" alt=\"\" width=\"30\" height=\"30\" \/><\/td>\n<td style=\"width: 90.8472%;\"><a href=\"https:\/\/www.ciudadrodrigo.es\/ayuntamiento\/wp-content\/uploads\/2023\/08\/PROYECTO-CABESTROS.pdf\" target=\"_blank\" rel=\"noopener\">MEMORIA<\/a><\/td>\n<\/tr>\n<tr>\n<td style=\"width: 9.15284%;\"><img loading=\"lazy\" decoding=\"async\" class=\"alignnone size-full wp-image-2515\" src=\"https:\/\/www.ciudadrodrigo.es\/ayuntamiento\/wp-content\/uploads\/2018\/04\/iconoDescargaPdf.png\" alt=\"\" width=\"30\" height=\"30\" \/><\/td>\n<td style=\"width: 90.8472%;\"><a href=\"https:\/\/www.ciudadrodrigo.es\/ayuntamiento\/wp-content\/uploads\/2023\/08\/ANUNCIO-BOCYL-1.pdf\" target=\"_blank\" rel=\"noopener\">ANUNCIO BOCYL<\/a><\/td>\n<\/tr>\n<\/tbody>\n<\/table>\n<p>&nbsp;<\/p>\n","protected":false},"excerpt":{"rendered":"<p>\u00d3RGANO QUE ORDENA LA PUBLICACI\u00d3N: Alcald\u00eda. PUBLICACI\u00d3N WEB:\u00a0 \u00a024 de agosto de 2023 PUBLICACI\u00d3N BOCYL:\u00a0 \u00a031\/08\/2023 PUBLICACI\u00d3N PRENSA:\u00a0 \u00a0La Gaceta de 1\/09\/2023 PRESENTACI\u00d3N DE ALEGACIONES: 20 d\u00edas h\u00e1biles a contar desde la \u00faltima de las publicaciones. Hasta el 2 de octubre de 2023. DOCUMENTOS: MEMORIA ANUNCIO BOCYL &nbsp;<\/p>\n","protected":false},"author":4,"featured_media":0,"comment_status":"closed","ping_status":"closed","sticky":false,"template":"","format":"standard","meta":{"footnotes":""},"categories":[151],"tags":[],"class_list":["post-15549","post","type-post","status-publish","format-standard","hentry","category-urbanismo-autorizaciones-de-uso-excepcional"],"_links":{"self":[{"href":"https:\/\/www.ciudadrodrigo.es\/ayuntamiento\/wp-json\/wp\/v2\/posts\/15549","targetHints":{"allow":["GET"]}}],"collection":[{"href":"https:\/\/www.ciudadrodrigo.es\/ayuntamiento\/wp-json\/wp\/v2\/posts"}],"about":[{"href":"https:\/\/www.ciudadrodrigo.es\/ayuntamiento\/wp-json\/wp\/v2\/types\/post"}],"author":[{"embeddable":true,"href":"https:\/\/www.ciudadrodrigo.es\/ayuntamiento\/wp-json\/wp\/v2\/users\/4"}],"replies":[{"embeddable":true,"href":"https:\/\/www.ciudadrodrigo.es\/ayuntamiento\/wp-json\/wp\/v2\/comments?post=15549"}],"version-history":[{"count":3,"href":"https:\/\/www.ciudadrodrigo.es\/ayuntamiento\/wp-json\/wp\/v2\/posts\/15549\/revisions"}],"predecessor-version":[{"id":15590,"href":"https:\/\/www.ciudadrodrigo.es\/ayuntamiento\/wp-json\/wp\/v2\/posts\/15549\/revisions\/15590"}],"wp:attachment":[{"href":"https:\/\/www.ciudadrodrigo.es\/ayuntamiento\/wp-json\/wp\/v2\/media?parent=15549"}],"wp:term":[{"taxonomy":"category","embeddable":true,"href":"https:\/\/www.ciudadrodrigo.es\/ayuntamiento\/wp-json\/wp\/v2\/categories?post=15549"},{"taxonomy":"post_tag","embeddable":true,"href":"https:\/\/www.ciudadrodrigo.es\/ayuntamiento\/wp-json\/wp\/v2\/tags?post=15549"}],"curies":[{"name":"wp","href":"https:\/\/api.w.org\/{rel}","templated":true}]}}