{"id":15604,"date":"2023-09-01T12:26:56","date_gmt":"2023-09-01T10:26:56","guid":{"rendered":"https:\/\/www.ciudadrodrigo.es\/ayuntamiento\/?p=15604"},"modified":"2023-09-06T12:33:23","modified_gmt":"2023-09-06T10:33:23","slug":"autorizacion-de-uso-excepcional-en-suelo-rustico-para-restauracion-de-cubiertas-fachadas-y-otras-obras-menores-de-la-vivienda-y-dependencias-anejas-en-la-parcela-141-del-poligono-15","status":"publish","type":"post","link":"https:\/\/www.ciudadrodrigo.es\/ayuntamiento\/autorizacion-de-uso-excepcional-en-suelo-rustico-para-restauracion-de-cubiertas-fachadas-y-otras-obras-menores-de-la-vivienda-y-dependencias-anejas-en-la-parcela-141-del-poligono-15\/","title":{"rendered":"Autorizaci\u00f3n de uso excepcional en suelo r\u00fastico para restauraci\u00f3n de cubiertas, fachadas y otras obras menores de la vivienda y dependencias anejas, en la parcela 141 del pol\u00edgono 15"},"content":{"rendered":"<p><strong>\u00d3RGANO QUE ORDENA LA PUBLICACI\u00d3N<\/strong>: Alcald\u00eda.<br \/>\n<strong>PUBLICACI\u00d3N WEB<\/strong>:\u00a0 \u00a01 de septiembre de 2023<br \/>\n<strong>PUBLICACI\u00d3N BOCY<\/strong>L:\u00a0 \u00a0<a href=\"https:\/\/bocyl.jcyl.es\/boletines\/2023\/09\/05\/pdf\/BOCYL-D-05092023-37.pdf\" target=\"_blank\" rel=\"noopener\">05\/09\/2023<\/a><br \/>\n<strong>PUBLICACI\u00d3N PRENSA<\/strong>:\u00a0 \u00a006\/09\/2023<br \/>\n<strong>PRESENTACI\u00d3N DE ALEGACIONES<\/strong>: 20 d\u00edas h\u00e1biles a contar desde la \u00faltima de las publicaciones. Hasta el 5\/10\/2023<\/p>\n<p><span style=\"text-decoration: underline;\"><strong>DOCUMENTOS<\/strong><\/span>:<\/p>\n<table style=\"border-collapse: collapse; width: 37.751%; height: 22px;\" border=\"1\">\n<tbody>\n<tr>\n<td style=\"width: 11.1702%;\"><img loading=\"lazy\" decoding=\"async\" class=\"alignnone size-full wp-image-2515\" src=\"https:\/\/www.ciudadrodrigo.es\/ayuntamiento\/wp-content\/uploads\/2018\/04\/iconoDescargaPdf.png\" alt=\"\" width=\"30\" height=\"30\" \/><\/td>\n<td style=\"width: 88.8298%;\"><a href=\"https:\/\/www.ciudadrodrigo.es\/ayuntamiento\/wp-content\/uploads\/2023\/09\/MEMORIA-BONSIMO.pdf\" target=\"_blank\" rel=\"noopener\">MEMORIA<\/a><\/td>\n<\/tr>\n<tr>\n<td style=\"width: 11.1702%;\"><img loading=\"lazy\" decoding=\"async\" class=\"alignnone size-full wp-image-2515\" src=\"https:\/\/www.ciudadrodrigo.es\/ayuntamiento\/wp-content\/uploads\/2018\/04\/iconoDescargaPdf.png\" alt=\"\" width=\"30\" height=\"30\" \/><\/td>\n<td style=\"width: 88.8298%;\"><a href=\"https:\/\/www.ciudadrodrigo.es\/ayuntamiento\/wp-content\/uploads\/2023\/09\/Anuncio-en-el-Boletin-Oficial-de-Castilla-y-Leon.pdf\" target=\"_blank\" rel=\"noopener\">ANUNCIO BOCYL<\/a><\/td>\n<\/tr>\n<\/tbody>\n<\/table>\n<p>&nbsp;<\/p>\n","protected":false},"excerpt":{"rendered":"<p>\u00d3RGANO QUE ORDENA LA PUBLICACI\u00d3N: Alcald\u00eda. PUBLICACI\u00d3N WEB:\u00a0 \u00a01 de septiembre de 2023 PUBLICACI\u00d3N BOCYL:\u00a0 \u00a005\/09\/2023 PUBLICACI\u00d3N PRENSA:\u00a0 \u00a006\/09\/2023 PRESENTACI\u00d3N DE ALEGACIONES: 20 d\u00edas h\u00e1biles a contar desde la \u00faltima de las publicaciones. Hasta el 5\/10\/2023 DOCUMENTOS: MEMORIA ANUNCIO BOCYL &nbsp;<\/p>\n","protected":false},"author":4,"featured_media":0,"comment_status":"closed","ping_status":"closed","sticky":false,"template":"","format":"standard","meta":{"footnotes":""},"categories":[151],"tags":[],"class_list":["post-15604","post","type-post","status-publish","format-standard","hentry","category-urbanismo-autorizaciones-de-uso-excepcional"],"_links":{"self":[{"href":"https:\/\/www.ciudadrodrigo.es\/ayuntamiento\/wp-json\/wp\/v2\/posts\/15604","targetHints":{"allow":["GET"]}}],"collection":[{"href":"https:\/\/www.ciudadrodrigo.es\/ayuntamiento\/wp-json\/wp\/v2\/posts"}],"about":[{"href":"https:\/\/www.ciudadrodrigo.es\/ayuntamiento\/wp-json\/wp\/v2\/types\/post"}],"author":[{"embeddable":true,"href":"https:\/\/www.ciudadrodrigo.es\/ayuntamiento\/wp-json\/wp\/v2\/users\/4"}],"replies":[{"embeddable":true,"href":"https:\/\/www.ciudadrodrigo.es\/ayuntamiento\/wp-json\/wp\/v2\/comments?post=15604"}],"version-history":[{"count":3,"href":"https:\/\/www.ciudadrodrigo.es\/ayuntamiento\/wp-json\/wp\/v2\/posts\/15604\/revisions"}],"predecessor-version":[{"id":15630,"href":"https:\/\/www.ciudadrodrigo.es\/ayuntamiento\/wp-json\/wp\/v2\/posts\/15604\/revisions\/15630"}],"wp:attachment":[{"href":"https:\/\/www.ciudadrodrigo.es\/ayuntamiento\/wp-json\/wp\/v2\/media?parent=15604"}],"wp:term":[{"taxonomy":"category","embeddable":true,"href":"https:\/\/www.ciudadrodrigo.es\/ayuntamiento\/wp-json\/wp\/v2\/categories?post=15604"},{"taxonomy":"post_tag","embeddable":true,"href":"https:\/\/www.ciudadrodrigo.es\/ayuntamiento\/wp-json\/wp\/v2\/tags?post=15604"}],"curies":[{"name":"wp","href":"https:\/\/api.w.org\/{rel}","templated":true}]}}