{"id":15840,"date":"2023-10-31T09:16:11","date_gmt":"2023-10-31T08:16:11","guid":{"rendered":"https:\/\/www.ciudadrodrigo.es\/ayuntamiento\/?p=15840"},"modified":"2023-11-09T11:41:16","modified_gmt":"2023-11-09T10:41:16","slug":"autorizacion-de-uso-excepcional-en-suelo-rustico-para-instalacion-de-caseta-de-equipamiento-de-telecomunicaciones-en-la-parcela-198-del-poligono-10","status":"publish","type":"post","link":"https:\/\/www.ciudadrodrigo.es\/ayuntamiento\/autorizacion-de-uso-excepcional-en-suelo-rustico-para-instalacion-de-caseta-de-equipamiento-de-telecomunicaciones-en-la-parcela-198-del-poligono-10\/","title":{"rendered":"Autorizaci\u00f3n de uso excepcional en suelo r\u00fastico para instalaci\u00f3n de caseta de equipamiento de telecomunicaciones, en la parcela 198 del pol\u00edgono 10"},"content":{"rendered":"<p><strong>\u00d3RGANO QUE ORDENA LA PUBLICACI\u00d3N<\/strong>: Alcald\u00eda.<br \/>\n<strong>PUBLICACI\u00d3N WEB<\/strong>:\u00a0 \u00a031 de octubre de 2023<br \/>\n<strong>PUBLICACI\u00d3N BOCY<\/strong>L:\u00a0 \u00a0<a href=\"https:\/\/bocyl.jcyl.es\/boletines\/2023\/11\/07\/pdf\/BOCYL-D-07112023-36.pdf\" target=\"_blank\" rel=\"noopener\">07\/11\/2023<\/a><br \/>\n<strong>PUBLICACI\u00d3N PRENSA<\/strong>:\u00a0 \u00a009\/11\/2023<br \/>\n<strong>PRESENTACI\u00d3N DE ALEGACIONES<\/strong>: 20 d\u00edas h\u00e1biles a contar desde la \u00faltima de las publicaciones. Hasta el 11 de diciembre de 2023<\/p>\n<p><strong><span style=\"text-decoration: underline;\">DOCUMENTOS<\/span><\/strong>:<\/p>\n<table style=\"border-collapse: collapse; width: 25.2357%; height: 51px;\" border=\"1\">\n<tbody>\n<tr>\n<td style=\"width: 13.2184%;\"><img loading=\"lazy\" decoding=\"async\" class=\"alignnone size-full wp-image-2515\" src=\"https:\/\/www.ciudadrodrigo.es\/ayuntamiento\/wp-content\/uploads\/2018\/04\/iconoDescargaPdf.png\" alt=\"\" width=\"30\" height=\"30\" \/><\/td>\n<td style=\"width: 86.7816%;\"><a href=\"https:\/\/www.ciudadrodrigo.es\/ayuntamiento\/wp-content\/uploads\/2023\/10\/PROYECTO-LYNTHIA.pdf\" target=\"_blank\" rel=\"noopener\">MEMORIA<\/a><\/td>\n<\/tr>\n<tr>\n<td style=\"width: 13.2184%;\"><img loading=\"lazy\" decoding=\"async\" class=\"alignnone size-full wp-image-2515\" src=\"https:\/\/www.ciudadrodrigo.es\/ayuntamiento\/wp-content\/uploads\/2018\/04\/iconoDescargaPdf.png\" alt=\"\" width=\"30\" height=\"30\" \/><\/td>\n<td style=\"width: 86.7816%;\"><a href=\"https:\/\/www.ciudadrodrigo.es\/ayuntamiento\/wp-content\/uploads\/2023\/10\/ANUNCIO-BOCYL.pdf\" target=\"_blank\" rel=\"noopener\">ANUNCIO BOCYL<\/a><\/td>\n<\/tr>\n<\/tbody>\n<\/table>\n<p>&nbsp;<\/p>\n","protected":false},"excerpt":{"rendered":"<p>\u00d3RGANO QUE ORDENA LA PUBLICACI\u00d3N: Alcald\u00eda. PUBLICACI\u00d3N WEB:\u00a0 \u00a031 de octubre de 2023 PUBLICACI\u00d3N BOCYL:\u00a0 \u00a007\/11\/2023 PUBLICACI\u00d3N PRENSA:\u00a0 \u00a009\/11\/2023 PRESENTACI\u00d3N DE ALEGACIONES: 20 d\u00edas h\u00e1biles a contar desde la \u00faltima de las publicaciones. Hasta el 11 de diciembre de 2023 DOCUMENTOS: MEMORIA ANUNCIO BOCYL &nbsp;<\/p>\n","protected":false},"author":4,"featured_media":0,"comment_status":"closed","ping_status":"closed","sticky":false,"template":"","format":"standard","meta":{"footnotes":""},"categories":[151],"tags":[],"class_list":["post-15840","post","type-post","status-publish","format-standard","hentry","category-urbanismo-autorizaciones-de-uso-excepcional"],"_links":{"self":[{"href":"https:\/\/www.ciudadrodrigo.es\/ayuntamiento\/wp-json\/wp\/v2\/posts\/15840","targetHints":{"allow":["GET"]}}],"collection":[{"href":"https:\/\/www.ciudadrodrigo.es\/ayuntamiento\/wp-json\/wp\/v2\/posts"}],"about":[{"href":"https:\/\/www.ciudadrodrigo.es\/ayuntamiento\/wp-json\/wp\/v2\/types\/post"}],"author":[{"embeddable":true,"href":"https:\/\/www.ciudadrodrigo.es\/ayuntamiento\/wp-json\/wp\/v2\/users\/4"}],"replies":[{"embeddable":true,"href":"https:\/\/www.ciudadrodrigo.es\/ayuntamiento\/wp-json\/wp\/v2\/comments?post=15840"}],"version-history":[{"count":3,"href":"https:\/\/www.ciudadrodrigo.es\/ayuntamiento\/wp-json\/wp\/v2\/posts\/15840\/revisions"}],"predecessor-version":[{"id":15861,"href":"https:\/\/www.ciudadrodrigo.es\/ayuntamiento\/wp-json\/wp\/v2\/posts\/15840\/revisions\/15861"}],"wp:attachment":[{"href":"https:\/\/www.ciudadrodrigo.es\/ayuntamiento\/wp-json\/wp\/v2\/media?parent=15840"}],"wp:term":[{"taxonomy":"category","embeddable":true,"href":"https:\/\/www.ciudadrodrigo.es\/ayuntamiento\/wp-json\/wp\/v2\/categories?post=15840"},{"taxonomy":"post_tag","embeddable":true,"href":"https:\/\/www.ciudadrodrigo.es\/ayuntamiento\/wp-json\/wp\/v2\/tags?post=15840"}],"curies":[{"name":"wp","href":"https:\/\/api.w.org\/{rel}","templated":true}]}}