{"id":15865,"date":"2023-11-10T11:54:04","date_gmt":"2023-11-10T10:54:04","guid":{"rendered":"https:\/\/www.ciudadrodrigo.es\/ayuntamiento\/?p=15865"},"modified":"2023-11-17T10:26:13","modified_gmt":"2023-11-17T09:26:13","slug":"autorizacion-de-uso-excepcional-en-suelo-rustico-para-rehabilitacion-de-nave-almacen-existente-en-camino-del-cementerio-65","status":"publish","type":"post","link":"https:\/\/www.ciudadrodrigo.es\/ayuntamiento\/autorizacion-de-uso-excepcional-en-suelo-rustico-para-rehabilitacion-de-nave-almacen-existente-en-camino-del-cementerio-65\/","title":{"rendered":"Autorizaci\u00f3n de uso excepcional en suelo r\u00fastico para rehabilitaci\u00f3n de nave almac\u00e9n existente en Camino del Cementerio 65"},"content":{"rendered":"<p><strong>\u00d3RGANO QUE ORDENA LA PUBLICACI\u00d3N<\/strong>: Alcald\u00eda.<br \/>\n<strong>PUBLICACI\u00d3N WEB<\/strong>:\u00a0 \u00a010 de noviembre de 2023<br \/>\n<strong>PUBLICACI\u00d3N BOCYL<\/strong>:\u00a0 <a href=\"https:\/\/bocyl.jcyl.es\/boletines\/2023\/11\/16\/pdf\/BOCYL-D-16112023-26.pdf\" target=\"_blank\" rel=\"noopener\">16\/11\/2023<\/a><br \/>\n<strong>PUBLICACI\u00d3N PRENSA<\/strong>:\u00a0 \u00a017\/11\/2023<br \/>\n<strong>PRESENTACI\u00d3N DE ALEGACIONES<\/strong>: 20 d\u00edas h\u00e1biles a contar desde la \u00faltima de las publicaciones. Hasta el 19 de diciembre de 2023<\/p>\n<p><span style=\"text-decoration: underline;\"><strong>DOCUMENTOS<\/strong><\/span>:<\/p>\n<table style=\"border-collapse: collapse; width: 26.7585%; height: 31px;\" border=\"1\">\n<tbody>\n<tr>\n<td style=\"width: 12.8726%;\"><img loading=\"lazy\" decoding=\"async\" class=\"alignnone size-full wp-image-2515\" src=\"https:\/\/www.ciudadrodrigo.es\/ayuntamiento\/wp-content\/uploads\/2018\/04\/iconoDescargaPdf.png\" alt=\"\" width=\"30\" height=\"30\" \/><\/td>\n<td style=\"width: 87.1274%;\"><a href=\"https:\/\/www.ciudadrodrigo.es\/ayuntamiento\/wp-content\/uploads\/2023\/11\/MEMORIA-NAVE-CEMENTERIO.pdf\" target=\"_blank\" rel=\"noopener\">MEMORIA<\/a><\/td>\n<\/tr>\n<tr>\n<td style=\"width: 12.8726%;\"><img loading=\"lazy\" decoding=\"async\" class=\"alignnone size-full wp-image-2515\" src=\"https:\/\/www.ciudadrodrigo.es\/ayuntamiento\/wp-content\/uploads\/2018\/04\/iconoDescargaPdf.png\" alt=\"\" width=\"30\" height=\"30\" \/><\/td>\n<td style=\"width: 87.1274%;\"><a href=\"https:\/\/www.ciudadrodrigo.es\/ayuntamiento\/wp-content\/uploads\/2023\/11\/ANUNCIO-BOCYL.pdf\" target=\"_blank\" rel=\"noopener\">ANUNCIO BOCYL<\/a><\/td>\n<\/tr>\n<\/tbody>\n<\/table>\n<p>&nbsp;<\/p>\n","protected":false},"excerpt":{"rendered":"<p>\u00d3RGANO QUE ORDENA LA PUBLICACI\u00d3N: Alcald\u00eda. PUBLICACI\u00d3N WEB:\u00a0 \u00a010 de noviembre de 2023 PUBLICACI\u00d3N BOCYL:\u00a0 16\/11\/2023 PUBLICACI\u00d3N PRENSA:\u00a0 \u00a017\/11\/2023 PRESENTACI\u00d3N DE ALEGACIONES: 20 d\u00edas h\u00e1biles a contar desde la \u00faltima de las publicaciones. Hasta el 19 de diciembre de 2023 DOCUMENTOS: MEMORIA ANUNCIO BOCYL &nbsp;<\/p>\n","protected":false},"author":4,"featured_media":0,"comment_status":"closed","ping_status":"closed","sticky":false,"template":"","format":"standard","meta":{"footnotes":""},"categories":[151],"tags":[],"class_list":["post-15865","post","type-post","status-publish","format-standard","hentry","category-urbanismo-autorizaciones-de-uso-excepcional"],"_links":{"self":[{"href":"https:\/\/www.ciudadrodrigo.es\/ayuntamiento\/wp-json\/wp\/v2\/posts\/15865","targetHints":{"allow":["GET"]}}],"collection":[{"href":"https:\/\/www.ciudadrodrigo.es\/ayuntamiento\/wp-json\/wp\/v2\/posts"}],"about":[{"href":"https:\/\/www.ciudadrodrigo.es\/ayuntamiento\/wp-json\/wp\/v2\/types\/post"}],"author":[{"embeddable":true,"href":"https:\/\/www.ciudadrodrigo.es\/ayuntamiento\/wp-json\/wp\/v2\/users\/4"}],"replies":[{"embeddable":true,"href":"https:\/\/www.ciudadrodrigo.es\/ayuntamiento\/wp-json\/wp\/v2\/comments?post=15865"}],"version-history":[{"count":4,"href":"https:\/\/www.ciudadrodrigo.es\/ayuntamiento\/wp-json\/wp\/v2\/posts\/15865\/revisions"}],"predecessor-version":[{"id":15933,"href":"https:\/\/www.ciudadrodrigo.es\/ayuntamiento\/wp-json\/wp\/v2\/posts\/15865\/revisions\/15933"}],"wp:attachment":[{"href":"https:\/\/www.ciudadrodrigo.es\/ayuntamiento\/wp-json\/wp\/v2\/media?parent=15865"}],"wp:term":[{"taxonomy":"category","embeddable":true,"href":"https:\/\/www.ciudadrodrigo.es\/ayuntamiento\/wp-json\/wp\/v2\/categories?post=15865"},{"taxonomy":"post_tag","embeddable":true,"href":"https:\/\/www.ciudadrodrigo.es\/ayuntamiento\/wp-json\/wp\/v2\/tags?post=15865"}],"curies":[{"name":"wp","href":"https:\/\/api.w.org\/{rel}","templated":true}]}}