{"id":16856,"date":"2024-04-12T14:34:25","date_gmt":"2024-04-12T12:34:25","guid":{"rendered":"https:\/\/www.ciudadrodrigo.es\/ayuntamiento\/?p=16856"},"modified":"2024-04-22T08:53:21","modified_gmt":"2024-04-22T06:53:21","slug":"autorizacion-de-uso-excepcional-en-suelo-rustico-para-construccion-de-una-planta-de-generacion-de-energia-electrica-a-partir-de-energia-fotovoltaica-denominada-fv-ciudad-rodrigo-de-318-mw-de-poten","status":"publish","type":"post","link":"https:\/\/www.ciudadrodrigo.es\/ayuntamiento\/autorizacion-de-uso-excepcional-en-suelo-rustico-para-construccion-de-una-planta-de-generacion-de-energia-electrica-a-partir-de-energia-fotovoltaica-denominada-fv-ciudad-rodrigo-de-318-mw-de-poten\/","title":{"rendered":"Autorizaci\u00f3n de uso excepcional en suelo r\u00fastico para construcci\u00f3n de una planta de generaci\u00f3n de energ\u00eda el\u00e9ctrica a partir de energ\u00eda fotovoltaica denominada \u00abFV Ciudad Rodrigo\u00bb de 318 MW de potencia pico (265,19 MW de potencia instalada) y sus infraestructuras de evacuaci\u00f3n, en diversas parcelas de los  pol\u00edgonos 2, 3, 9, 10, 11, 12, 21 y 500"},"content":{"rendered":"<p><strong>\u00d3RGANO QUE ORDENA LA PUBLICACI\u00d3N<\/strong>: Alcald\u00eda.<br \/>\n<strong>PUBLICACI\u00d3N WEB<\/strong>:\u00a0 \u00a012 de abril de 2024<br \/>\n<strong>PUBLICACI\u00d3N BOCYL<\/strong>:\u00a0 <a href=\"https:\/\/bocyl.jcyl.es\/boletines\/2024\/04\/19\/pdf\/BOCYL-D-19042024-37.pdf\" target=\"_blank\" rel=\"noopener\">19\/04\/2024<\/a><br \/>\n<strong>PUBLICACI\u00d3N PRENSA<\/strong>:\u00a0 \u00a022\/04\/2024<br \/>\n<strong>PRESENTACI\u00d3N DE ALEGACIONES<\/strong>: 20 d\u00edas h\u00e1biles a contar desde la \u00faltima de las publicaciones. Hasta el 22 de mayo de 2024<\/p>\n<p><strong>DOCUMENTOS<\/strong>:<\/p>\n<table style=\"border-collapse: collapse; width: 26.3234%; height: 14px;\" border=\"1\">\n<tbody>\n<tr>\n<td style=\"width: 12.8099%;\"><img loading=\"lazy\" decoding=\"async\" class=\"alignnone size-full wp-image-2515\" src=\"https:\/\/www.ciudadrodrigo.es\/ayuntamiento\/wp-content\/uploads\/2018\/04\/iconoDescargaPdf.png\" alt=\"\" width=\"30\" height=\"30\" \/><\/td>\n<td style=\"width: 87.1901%;\"><a href=\"https:\/\/www.ciudadrodrigo.es\/ayuntamiento\/wp-content\/uploads\/2024\/04\/MEMORIA-PLANTA-SOLAR-FV-CIUDAD-RODRIGO.pdf\" target=\"_blank\" rel=\"noopener\">MEMORIA Y EXPTE<\/a><\/td>\n<\/tr>\n<tr>\n<td style=\"width: 12.8099%;\"><img loading=\"lazy\" decoding=\"async\" class=\"alignnone size-full wp-image-2515\" src=\"https:\/\/www.ciudadrodrigo.es\/ayuntamiento\/wp-content\/uploads\/2018\/04\/iconoDescargaPdf.png\" alt=\"\" width=\"30\" height=\"30\" \/><\/td>\n<td style=\"width: 87.1901%;\"><a href=\"https:\/\/www.ciudadrodrigo.es\/ayuntamiento\/wp-content\/uploads\/2024\/04\/ANUNCIO-BOCYL.pdf\" target=\"_blank\" rel=\"noopener\">ANUNCIO BOCYL<\/a><\/td>\n<\/tr>\n<\/tbody>\n<\/table>\n<p>&nbsp;<\/p>\n","protected":false},"excerpt":{"rendered":"<p>\u00d3RGANO QUE ORDENA LA PUBLICACI\u00d3N: Alcald\u00eda. PUBLICACI\u00d3N WEB:\u00a0 \u00a012 de abril de 2024 PUBLICACI\u00d3N BOCYL:\u00a0 19\/04\/2024 PUBLICACI\u00d3N PRENSA:\u00a0 \u00a022\/04\/2024 PRESENTACI\u00d3N DE ALEGACIONES: 20 d\u00edas h\u00e1biles a contar desde la \u00faltima de las publicaciones. Hasta el 22 de mayo de 2024 DOCUMENTOS: MEMORIA Y EXPTE ANUNCIO BOCYL &nbsp;<\/p>\n","protected":false},"author":4,"featured_media":0,"comment_status":"closed","ping_status":"closed","sticky":false,"template":"","format":"standard","meta":{"footnotes":""},"categories":[151],"tags":[],"class_list":["post-16856","post","type-post","status-publish","format-standard","hentry","category-urbanismo-autorizaciones-de-uso-excepcional"],"_links":{"self":[{"href":"https:\/\/www.ciudadrodrigo.es\/ayuntamiento\/wp-json\/wp\/v2\/posts\/16856","targetHints":{"allow":["GET"]}}],"collection":[{"href":"https:\/\/www.ciudadrodrigo.es\/ayuntamiento\/wp-json\/wp\/v2\/posts"}],"about":[{"href":"https:\/\/www.ciudadrodrigo.es\/ayuntamiento\/wp-json\/wp\/v2\/types\/post"}],"author":[{"embeddable":true,"href":"https:\/\/www.ciudadrodrigo.es\/ayuntamiento\/wp-json\/wp\/v2\/users\/4"}],"replies":[{"embeddable":true,"href":"https:\/\/www.ciudadrodrigo.es\/ayuntamiento\/wp-json\/wp\/v2\/comments?post=16856"}],"version-history":[{"count":5,"href":"https:\/\/www.ciudadrodrigo.es\/ayuntamiento\/wp-json\/wp\/v2\/posts\/16856\/revisions"}],"predecessor-version":[{"id":16895,"href":"https:\/\/www.ciudadrodrigo.es\/ayuntamiento\/wp-json\/wp\/v2\/posts\/16856\/revisions\/16895"}],"wp:attachment":[{"href":"https:\/\/www.ciudadrodrigo.es\/ayuntamiento\/wp-json\/wp\/v2\/media?parent=16856"}],"wp:term":[{"taxonomy":"category","embeddable":true,"href":"https:\/\/www.ciudadrodrigo.es\/ayuntamiento\/wp-json\/wp\/v2\/categories?post=16856"},{"taxonomy":"post_tag","embeddable":true,"href":"https:\/\/www.ciudadrodrigo.es\/ayuntamiento\/wp-json\/wp\/v2\/tags?post=16856"}],"curies":[{"name":"wp","href":"https:\/\/api.w.org\/{rel}","templated":true}]}}