{"id":17275,"date":"2024-06-11T12:27:00","date_gmt":"2024-06-11T10:27:00","guid":{"rendered":"https:\/\/www.ciudadrodrigo.es\/ayuntamiento\/?p=17275"},"modified":"2024-06-11T12:27:00","modified_gmt":"2024-06-11T10:27:00","slug":"i-encuentro-coral-encantados-22-06-24","status":"publish","type":"post","link":"https:\/\/www.ciudadrodrigo.es\/ayuntamiento\/i-encuentro-coral-encantados-22-06-24\/","title":{"rendered":"I Encuentro Coral \u00abEncantados\u00bb. 22.06.24"},"content":{"rendered":"<p>La Coral mirobrigense \u201cRenacer\u201d, con la colaboraci\u00f3n del Ayuntamiento de Ciudad Rodrigo, a trav\u00e9s de la delegaci\u00f3n de Cultura que encabeza Bel\u00e9n Barco, organiza el primer encuentro coral \u201cEncantados\u201d que se desarrollar\u00e1 el pr\u00f3ximo d\u00eda 22, s\u00e1bado, a partir de las 20:00 horas en la iglesia de El Sagrario de Cerralbo, cedida por la Di\u00f3cesis Civitatense.<\/p>\n<p>En este primer encuentro de Ciudad Rodrigo participar\u00e1n, adem\u00e1s de la anfitriona, la Coral \u201cRenacer\u201d, dos agrupaciones for\u00e1neas: la Coral \u201cTourdion\u201d (Madrid) y la Coral de B\u00e9jar, con m\u00e1s de cien voces que ofrecer\u00e1n de manera conjunta la \u00faltima parte del recital que tendr\u00e1 una duraci\u00f3n aproximada de una hora y cuarto, con la interpretaci\u00f3n de cuatro composiciones por cada coral participante.<\/p>\n<p><img loading=\"lazy\" decoding=\"async\" class=\"alignnone size-medium wp-image-17277\" src=\"https:\/\/www.ciudadrodrigo.es\/ayuntamiento\/wp-content\/uploads\/2024\/06\/Cartel-Encuentro-Coral-Encatados-22-06-24-212x300.jpeg\" alt=\"\" width=\"212\" height=\"300\" srcset=\"https:\/\/www.ciudadrodrigo.es\/ayuntamiento\/wp-content\/uploads\/2024\/06\/Cartel-Encuentro-Coral-Encatados-22-06-24-212x300.jpeg 212w, https:\/\/www.ciudadrodrigo.es\/ayuntamiento\/wp-content\/uploads\/2024\/06\/Cartel-Encuentro-Coral-Encatados-22-06-24-724x1024.jpeg 724w, https:\/\/www.ciudadrodrigo.es\/ayuntamiento\/wp-content\/uploads\/2024\/06\/Cartel-Encuentro-Coral-Encatados-22-06-24-768x1086.jpeg 768w, https:\/\/www.ciudadrodrigo.es\/ayuntamiento\/wp-content\/uploads\/2024\/06\/Cartel-Encuentro-Coral-Encatados-22-06-24-1086x1536.jpeg 1086w, https:\/\/www.ciudadrodrigo.es\/ayuntamiento\/wp-content\/uploads\/2024\/06\/Cartel-Encuentro-Coral-Encatados-22-06-24-800x1132.jpeg 800w, https:\/\/www.ciudadrodrigo.es\/ayuntamiento\/wp-content\/uploads\/2024\/06\/Cartel-Encuentro-Coral-Encatados-22-06-24-650x920.jpeg 650w, https:\/\/www.ciudadrodrigo.es\/ayuntamiento\/wp-content\/uploads\/2024\/06\/Cartel-Encuentro-Coral-Encatados-22-06-24-440x622.jpeg 440w, https:\/\/www.ciudadrodrigo.es\/ayuntamiento\/wp-content\/uploads\/2024\/06\/Cartel-Encuentro-Coral-Encatados-22-06-24.jpeg 1131w\" sizes=\"auto, (max-width: 212px) 100vw, 212px\" \/><\/p>\n","protected":false},"excerpt":{"rendered":"<p>La Coral mirobrigense \u201cRenacer\u201d, con la colaboraci\u00f3n del Ayuntamiento de Ciudad Rodrigo, a trav\u00e9s de la delegaci\u00f3n de Cultura que encabeza Bel\u00e9n Barco, organiza el primer encuentro coral \u201cEncantados\u201d que se desarrollar\u00e1 el pr\u00f3ximo d\u00eda 22, s\u00e1bado, a partir de las 20:00 horas en la iglesia de El Sagrario de Cerralbo, cedida por la Di\u00f3cesis [&hellip;]<\/p>\n","protected":false},"author":11,"featured_media":17276,"comment_status":"closed","ping_status":"closed","sticky":false,"template":"","format":"standard","meta":{"footnotes":""},"categories":[141,368,147],"tags":[],"class_list":["post-17275","post","type-post","status-publish","format-standard","has-post-thumbnail","hentry","category-actualidad","category-cultura","category-destacados"],"_links":{"self":[{"href":"https:\/\/www.ciudadrodrigo.es\/ayuntamiento\/wp-json\/wp\/v2\/posts\/17275","targetHints":{"allow":["GET"]}}],"collection":[{"href":"https:\/\/www.ciudadrodrigo.es\/ayuntamiento\/wp-json\/wp\/v2\/posts"}],"about":[{"href":"https:\/\/www.ciudadrodrigo.es\/ayuntamiento\/wp-json\/wp\/v2\/types\/post"}],"author":[{"embeddable":true,"href":"https:\/\/www.ciudadrodrigo.es\/ayuntamiento\/wp-json\/wp\/v2\/users\/11"}],"replies":[{"embeddable":true,"href":"https:\/\/www.ciudadrodrigo.es\/ayuntamiento\/wp-json\/wp\/v2\/comments?post=17275"}],"version-history":[{"count":2,"href":"https:\/\/www.ciudadrodrigo.es\/ayuntamiento\/wp-json\/wp\/v2\/posts\/17275\/revisions"}],"predecessor-version":[{"id":17279,"href":"https:\/\/www.ciudadrodrigo.es\/ayuntamiento\/wp-json\/wp\/v2\/posts\/17275\/revisions\/17279"}],"wp:featuredmedia":[{"embeddable":true,"href":"https:\/\/www.ciudadrodrigo.es\/ayuntamiento\/wp-json\/wp\/v2\/media\/17276"}],"wp:attachment":[{"href":"https:\/\/www.ciudadrodrigo.es\/ayuntamiento\/wp-json\/wp\/v2\/media?parent=17275"}],"wp:term":[{"taxonomy":"category","embeddable":true,"href":"https:\/\/www.ciudadrodrigo.es\/ayuntamiento\/wp-json\/wp\/v2\/categories?post=17275"},{"taxonomy":"post_tag","embeddable":true,"href":"https:\/\/www.ciudadrodrigo.es\/ayuntamiento\/wp-json\/wp\/v2\/tags?post=17275"}],"curies":[{"name":"wp","href":"https:\/\/api.w.org\/{rel}","templated":true}]}}