{"id":17352,"date":"2024-02-19T10:09:13","date_gmt":"2024-02-19T09:09:13","guid":{"rendered":"https:\/\/www.ciudadrodrigo.es\/ayuntamiento\/?p=17352"},"modified":"2024-06-17T10:11:19","modified_gmt":"2024-06-17T08:11:19","slug":"convenio-de-colaboracion-entre-el-ayuntamiento-de-ciudad-rodrigo-y-afecir","status":"publish","type":"post","link":"https:\/\/www.ciudadrodrigo.es\/ayuntamiento\/convenio-de-colaboracion-entre-el-ayuntamiento-de-ciudad-rodrigo-y-afecir\/","title":{"rendered":"Convenio de colaboraci\u00f3n entre el Ayuntamiento de Ciudad Rodrigo y AFECIR"},"content":{"rendered":"<p>Convenio de colaboraci\u00f3n entre el Ayuntamiento de Ciudad Rodrigo y la Federaci\u00f3n de empresarios y trabajadores aut\u00f3nomos de la Comarca de Ciudad Rodrigo (AFECIR), en materia de organizaci\u00f3n de Ferias y eventos.<\/p>\n<p>Informaci\u00f3n desde BDNS, <a href=\"https:\/\/www.subvenciones.gob.es\/bdnstrans\/L371073\/es\/convocatorias\/744494\" target=\"_blank\" rel=\"noopener\"><em>ve<\/em><em>r<\/em><em> aqu\u00ed<\/em><em>\u00a0<\/em><\/a><\/p>\n<table style=\"height: 44px;\" width=\"371\">\n<tbody>\n<tr style=\"height: 40px;\">\n<td style=\"width: 24px; text-align: left; vertical-align: middle; height: 40px;\"><img loading=\"lazy\" decoding=\"async\" class=\"alignleft size-full wp-image-2515\" src=\"http:\/\/www.ciudadrodrigo.es\/ayuntamiento\/wp-content\/uploads\/2018\/04\/iconoDescargaPdf.png\" alt=\"iconodescargapdf\" width=\"30\" height=\"30\" \/><\/td>\n<td style=\"width: 331px; height: 40px;\">\u00a0<a href=\"https:\/\/www.ciudadrodrigo.es\/ayuntamiento\/wp-content\/uploads\/2024\/06\/certificado-Acuerdo-Afecir-Febrero2024.pdf\" target=\"_blank\" rel=\"noopener\">Certificado de Acuerdo<\/a><\/td>\n<\/tr>\n<\/tbody>\n<\/table>\n<p>&nbsp;<\/p>\n","protected":false},"excerpt":{"rendered":"<p>Convenio de colaboraci\u00f3n entre el Ayuntamiento de Ciudad Rodrigo y la Federaci\u00f3n de empresarios y trabajadores aut\u00f3nomos de la Comarca de Ciudad Rodrigo (AFECIR), en materia de organizaci\u00f3n de Ferias y eventos. Informaci\u00f3n desde BDNS, ver aqu\u00ed\u00a0 \u00a0Certificado de Acuerdo &nbsp;<\/p>\n","protected":false},"author":1,"featured_media":0,"comment_status":"closed","ping_status":"closed","sticky":false,"template":"","format":"standard","meta":{"footnotes":""},"categories":[148],"tags":[],"class_list":["post-17352","post","type-post","status-publish","format-standard","hentry","category-subvenciones"],"_links":{"self":[{"href":"https:\/\/www.ciudadrodrigo.es\/ayuntamiento\/wp-json\/wp\/v2\/posts\/17352","targetHints":{"allow":["GET"]}}],"collection":[{"href":"https:\/\/www.ciudadrodrigo.es\/ayuntamiento\/wp-json\/wp\/v2\/posts"}],"about":[{"href":"https:\/\/www.ciudadrodrigo.es\/ayuntamiento\/wp-json\/wp\/v2\/types\/post"}],"author":[{"embeddable":true,"href":"https:\/\/www.ciudadrodrigo.es\/ayuntamiento\/wp-json\/wp\/v2\/users\/1"}],"replies":[{"embeddable":true,"href":"https:\/\/www.ciudadrodrigo.es\/ayuntamiento\/wp-json\/wp\/v2\/comments?post=17352"}],"version-history":[{"count":1,"href":"https:\/\/www.ciudadrodrigo.es\/ayuntamiento\/wp-json\/wp\/v2\/posts\/17352\/revisions"}],"predecessor-version":[{"id":17354,"href":"https:\/\/www.ciudadrodrigo.es\/ayuntamiento\/wp-json\/wp\/v2\/posts\/17352\/revisions\/17354"}],"wp:attachment":[{"href":"https:\/\/www.ciudadrodrigo.es\/ayuntamiento\/wp-json\/wp\/v2\/media?parent=17352"}],"wp:term":[{"taxonomy":"category","embeddable":true,"href":"https:\/\/www.ciudadrodrigo.es\/ayuntamiento\/wp-json\/wp\/v2\/categories?post=17352"},{"taxonomy":"post_tag","embeddable":true,"href":"https:\/\/www.ciudadrodrigo.es\/ayuntamiento\/wp-json\/wp\/v2\/tags?post=17352"}],"curies":[{"name":"wp","href":"https:\/\/api.w.org\/{rel}","templated":true}]}}