{"id":17516,"date":"2024-06-21T10:12:35","date_gmt":"2024-06-21T08:12:35","guid":{"rendered":"https:\/\/www.ciudadrodrigo.es\/ayuntamiento\/?p=17516"},"modified":"2024-06-24T14:39:01","modified_gmt":"2024-06-24T12:39:01","slug":"iv-concurso-floral-de-primavera-fallo-del-jurado-calificador-y-entrega-de-premios","status":"publish","type":"post","link":"https:\/\/www.ciudadrodrigo.es\/ayuntamiento\/iv-concurso-floral-de-primavera-fallo-del-jurado-calificador-y-entrega-de-premios\/","title":{"rendered":"IV CONCURSO FLORAL DE PRIMAVERA, FALLO DEL JURADO CALIFICADOR Y ENTREGA DE PREMIOS"},"content":{"rendered":"<p>El Jurado calificador del IV Concurso Floral de Primavera 2024 ha estado integrado por:<\/p>\n<p><strong>PRESIDENTA<\/strong><\/p>\n<p>D\u00aa Paola Mart\u00edn Mu\u00f1oz\u00a0\u00a0\u00a0\u00a0\u00a0\u00a0\u00a0\u00a0\u00a0\u00a0\u00a0\u00a0\u00a0\u00a0\u00a0\u00a0\u00a0\u00a0\u00a0\u00a0 Concejala Delegada de Comercio, representante\u00a0 \u00a0 \u00a0 \u00a0 \u00a0 \u00a0 \u00a0 \u00a0 \u00a0 \u00a0 \u00a0 \u00a0 \u00a0 \u00a0 \u00a0 \u00a0 \u00a0 \u00a0 \u00a0 \u00a0 \u00a0 \u00a0 \u00a0 \u00a0 \u00a0 \u00a0 \u00a0 \u00a0 \u00a0 del Grupo Municipal Popular<\/p>\n<p><strong>VOCALES<\/strong><\/p>\n<p>D\u00aa Vanesa Garc\u00eda Molinero\u00a0\u00a0\u00a0\u00a0\u00a0\u00a0\u00a0\u00a0\u00a0\u00a0\u00a0\u00a0\u00a0\u00a0 Representante del Grupo Municipal Popular<\/p>\n<ol>\n<li>Jos\u00e9 Manuel Jerez Rodr\u00edguez Representante del Grupo Municipal Popular<\/li>\n<\/ol>\n<p>D\u00aa Ana M\u00aa Casta\u00f1o Garc\u00eda\u00a0\u00a0\u00a0\u00a0\u00a0\u00a0\u00a0\u00a0\u00a0\u00a0\u00a0\u00a0\u00a0\u00a0 Representante del Grupo Municipal Popular<\/p>\n<p>D\u00aa. Carmen Lorenzo P\u00e9rez\u00a0\u00a0\u00a0\u00a0\u00a0\u00a0\u00a0\u00a0\u00a0\u00a0\u00a0\u00a0\u00a0\u00a0 Representante del Grupo Municipal Socialista<\/p>\n<p>D\u00aa. Patricia Mart\u00edn Miguel\u00a0\u00a0\u00a0\u00a0\u00a0 \u00a0\u00a0\u00a0\u00a0\u00a0\u00a0\u00a0\u00a0\u00a0\u00a0\u00a0 Representante del Grupo Municipal Vox<\/p>\n<p>D\u00aa. Inmaculada Pascual Gonz\u00e1lez\u00a0\u00a0 Representante de AFECIR<\/p>\n<p><strong>\u00a0<\/strong><\/p>\n<p><strong>SECRETARIA<\/strong><\/p>\n<p>D\u00aa. Rosa M\u00aa Pascual Mart\u00edn\u00a0\u00a0\u00a0\u00a0\u00a0\u00a0\u00a0\u00a0\u00a0\u00a0\u00a0\u00a0\u00a0 T\u00e9cnico Municipal de la Oficina Municipal de \u00a0\u00a0\u00a0\u00a0\u00a0\u00a0\u00a0\u00a0\u00a0\u00a0\u00a0\u00a0\u00a0\u00a0\u00a0\u00a0\u00a0\u00a0\u00a0\u00a0\u00a0\u00a0\u00a0\u00a0\u00a0\u00a0\u00a0\u00a0\u00a0\u00a0\u00a0\u00a0\u00a0\u00a0\u00a0\u00a0\u00a0\u00a0\u00a0\u00a0\u00a0\u00a0\u00a0\u00a0 \u00a0\u00a0\u00a0\u00a0\u00a0\u00a0\u00a0\u00a0\u00a0\u00a0\u00a0\u00a0\u00a0\u00a0\u00a0\u00a0\u00a0\u00a0\u00a0\u00a0\u00a0\u00a0\u00a0 Desarrollo<\/p>\n<p>De un total de 6 zonas participantes inscritas en esta modalidad de concurso floral de primavera que cumplen con las bases de participaci\u00f3n, tras el correspondiente estudio y deliberaci\u00f3n, el Jurado Calificador ha adoptado los siguientes <strong>ACUERDOS:<\/strong><\/p>\n<p><strong>PRIMERO.- <\/strong>Otorgar los siguientes premios, a los participantes de las zonas comerciales y de vecindad mejor ambientadas y decoradas -con motivos florales, del IV CONCURSO FLORAL DE PRIMAVERA 2024, siendo as\u00ed:<\/p>\n<ul>\n<li><em>Las puntuaciones del concurso est\u00e1n basadas sobre una puntuaci\u00f3n total m\u00e1xima de 70 puntos.<\/em><\/li>\n<li><strong>PRIMER PREMIO dotado con 375\u20ac y diploma concedido a <\/strong><\/li>\n<li><strong>ZONA 6.- <\/strong><strong>Arrabal de San Sebasti\u00e1n <\/strong>(con una puntuaci\u00f3n total de <u>64 puntos<\/u>).<\/li>\n<\/ul>\n<p>Zona que participa por segunda vez y se anunciaba con la Tem\u00e1tica <strong>JARD\u00cdN FLORIDO <\/strong>y en la que participaban 1 empresa y 10 vecinos.<\/p>\n<p>En esta ocasi\u00f3n, todos sus socios y vecinos (principalmente vecinas mayores), han dise\u00f1ado un gran \u201c<strong>jard\u00edn florido\u201d<\/strong>, apostando por numerosos elementos y materiales reciclados y desplegando una amplia y variada decoraci\u00f3n floral por todos los rincones del barrio. Dentro de esta decoraci\u00f3n, este a\u00f1o tiene un especial protagonismo las\u00a0<strong>abejas<\/strong>, con varios elementos alusivos a las mismas, incluido panales, colmenas, apicultores y un sinf\u00edn de <strong>flores de colores variados y diversos animales hechos en madera como p\u00e1jaros carpinteros, loros, conejos, cig\u00fce\u00f1as,\u2026<\/strong><strong>\u00a0<\/strong><\/p>\n<ul>\n<li><strong>SEGUNDO PREMIO dotado con 275\u20ac y diploma concedido a<\/strong><\/li>\n<li><strong>ZONA 1.- San Juan, Velayos<\/strong> (con una puntuaci\u00f3n total de <u>62 puntos<\/u>).<\/li>\n<\/ul>\n<p>Zona que participa por segunda vez y se anunciaba con la Tem\u00e1tica <strong>LA CALLE SAN JUAN ABRE SUS PUERTAS EN PRIMAVERA <\/strong>y en la que participaban 14 empresas y 8 vecinos.<\/p>\n<p>En esta zona se han instalado 4 <strong>puertas<\/strong> de llamativos colores fl\u00faor acompa\u00f1adas de ramos de flores y completadas con marcos\/cuadros, llenos todos ellos, tambi\u00e9n de flores variadas. Asimismo, han colocado delante de sus establecimientos <strong>escobas <\/strong>junto a m\u00e1s flores colocadas sobre alfombras verdes (que imitan a la hierba natural) a ras de suelo.<\/p>\n<ul>\n<li><strong>TERCER PREMIO dotado con 225\u20ac y diploma concedido a<\/strong><\/li>\n<li><strong>ZONA 5.- Valera<\/strong> (con una puntuaci\u00f3n total de <u>48 puntos<\/u>).<\/li>\n<\/ul>\n<p>Zona que se anunciaba con la Tem\u00e1tica <strong>AIRES DE PRIMAVERA <\/strong>y en la que participaban 6 empresas y 20 vecinos.<\/p>\n<p>En esta zona, sus comerciantes y vecinos han colgado en sus fachadas un despliegue de <strong>molinillos y cometas<\/strong> de todos los colores ambientando y decorando as\u00ed la zona con \u201cAires de Primavera\u201d.<\/p>\n<ul>\n<li><strong>CUARTO PREMIO dotado con 150\u20ac y diploma concedido a <\/strong><\/li>\n<li><strong>ZONA 3.- Avda. B\u00e9jar, C\u00e1rcabas <\/strong>(con una puntuaci\u00f3n total de <u>46 puntos<\/u>).<\/li>\n<\/ul>\n<p>Zona que ha participado en los cuatros concursos celebrados por este Ayuntamiento, y que se anunciaba con la Tem\u00e1tica <strong>PRIMAVERA FARINATA<\/strong>, y en la que participaban 13 empresas y 3 vecinos.<\/p>\n<p>En esta zona, sus participantes han colocado delante de sus establecimientos <strong>flores\u00a0 color naranja farinato<\/strong> situadas en tiestos, jaulas de p\u00e1jaros antiguas, cajas de madera o en escaleras tambi\u00e9n de madera.<\/p>\n<ul>\n<li><strong>QUINTO PREMIO dotado con 75\u20ac y diploma concedido a <\/strong><\/li>\n<li><strong>ZONA 2.- Gigantes <\/strong>(con una puntuaci\u00f3n total de 44<u> puntos<\/u>).<\/li>\n<\/ul>\n<p>Zona debutante en 2024, que se anunciaba con la Tem\u00e1tica <strong>EL ARCO IRIS DE LA NATURALEZA<\/strong> y en la que participaban 1 empresa y 2 vecinos.<\/p>\n<p>En esta zona, se han colocado <strong>flores y plumas<\/strong> de distintos colores en las fachadas y <strong>banderines<\/strong> de un lado a otro de la calle.<\/p>\n<ul>\n<li>Igualmente, el Jurado tuvo <strong>MENCI\u00d3N ESPECIAL<\/strong> para la zona comercial <strong>LORENZA IGLESIAS<\/strong> que participaba por tercera vez, en esta ocasi\u00f3n con 4 empresas y 1 vecino, que no obtuvo premio con una puntuaci\u00f3n total de 36 puntos. Esta zona comercial participaba decorando sus establecimientos con <strong>palets de madera <\/strong>en los que dispon\u00edan tiestos con flores de colores variados. Se acord\u00f3 otorgar <u>DIPLOMA PARTICIPACI\u00d3N<\/u>, agradeciendo y felicitando su implicaci\u00f3n, y se anim\u00f3 a seguir participando en a\u00f1os venideros.<\/li>\n<\/ul>\n<p>El Jurado acord\u00f3 asimismo agradecer en general, la colaboraci\u00f3n y dedicaci\u00f3n a todos los industriales, comerciantes y vecinos de las 6 zonas comerciales participantes en este IV Concurso Floral de Primavera, decorando y ambientado sus calles con motivos florales durante esta \u00e9poca del a\u00f1o; y que gracias a ello, han logrado que Ciudad Rodrigo presente un aspecto m\u00e1s atractivo y llamativo en la primavera de 2024.<\/p>\n<p>El Jurado igualmente dese\u00f3 que en los a\u00f1os venideros este concurso consiga la implicaci\u00f3n de m\u00e1s participantes (comerciantes y vecinos) que ambienten y decoren las calles mirobrigenses con propuestas decorativas al hilo de la primavera, para conseguir mayor vistosidad de la ciudad en esta \u00e9poca, lo que llevar\u00e1 al mismo tiempo, a fomentar el turismo y el comercio local.<\/p>\n<p><strong>LA ENTREGA DE PREMIOS<\/strong> estar\u00e1 presidida por D\u00aa Paola Mart\u00edn Mu\u00f1oz, Concejala Delegada de Comercio, y tendr\u00e1 lugar el pr\u00f3ximo<strong> JUEVES, 27 de junio,<\/strong> conforme al horario siguiente (aproximadamente):<\/p>\n<table>\n<tbody>\n<tr>\n<td colspan=\"3\" width=\"618\"><strong>RUTA DE PREMIACI\u00d3N POR LAS ZONAS GALARDONADAS<\/strong><\/td>\n<\/tr>\n<tr>\n<td width=\"423\"><strong>ENTREGA PREMIOS. Martes, 25 junio<\/strong><\/td>\n<td width=\"123\">\n<p><strong>ZONA <\/strong><\/p>\n<p><strong>de entrega<\/strong><\/td>\n<td width=\"72\"><strong>HORA<\/strong><\/td>\n<\/tr>\n<tr>\n<td width=\"423\">\n<p><strong>2\u00ba PREMIO: <\/strong>275 \u20ac y diploma<\/p>\n<p><strong>GANADOR:<\/strong> ZONA 1. San Juan, Velayos<\/p>\n<p><strong>TEM\u00c1TICA: <\/strong>LA CALLE SAN JUAN ABRE SUS PUERTAS EN PRIMAVERA<\/p>\n<p>Puntuaci\u00f3n: 62 puntos<\/td>\n<td width=\"123\">C\/ San Juan<\/td>\n<td width=\"72\"><strong>17:00h<\/strong><\/td>\n<\/tr>\n<tr>\n<td width=\"423\">\n<p><strong>5\u00ba PREMIO: <\/strong>75 \u20ac y diploma<\/p>\n<p><strong>GANADOR: <\/strong>ZONA 2. Gigantes (debutante)<\/p>\n<p><strong>TEM\u00c1TICA: <\/strong>EL ARCO IRIS DE LA NATURALEZA<\/p>\n<p>Puntuaci\u00f3n: 44puntos<\/td>\n<td width=\"123\">C\/ Gigantes<\/td>\n<td width=\"72\"><strong>17:15h<\/strong><\/td>\n<\/tr>\n<tr>\n<td width=\"423\">\n<p><strong>4\u00ba PREMIO: <\/strong>150 \u20ac y diploma<\/p>\n<p><strong>GANADOR:<\/strong> ZONA 3. Avda. B\u00e9jar, C\u00e1rcabas<\/p>\n<p><strong>TEM\u00c1TICA: <\/strong>PRIMAVERA FARINATA<\/p>\n<p>Puntuaci\u00f3n: 46 puntos<\/td>\n<td width=\"123\">Cruce Avda. B\u00e9jar con C\/ C\u00e1rcabas<\/td>\n<td width=\"72\"><strong>18:00h<\/strong><\/td>\n<\/tr>\n<tr>\n<td width=\"423\">\n<p><strong>PREMIO PARTICIPACI\u00d3N: <\/strong>MENCI\u00d3N ESPECIAL<\/p>\n<p><strong>GANADOR:<\/strong> ZONA 4. Lorenza Iglesias<\/p>\n<p><strong>TEM\u00c1TICA: <\/strong>YA ES PRIMAVERA EN LORENZA IGLESIAS<\/p>\n<p>Puntuaci\u00f3n: 36 puntos<\/td>\n<td width=\"123\">C\/ Lorenza Iglesias<\/td>\n<td width=\"72\"><strong>18:15h<\/strong><\/td>\n<\/tr>\n<tr>\n<td width=\"423\">\n<p><strong>3er. PREMIO: <\/strong>225 \u20ac\u00a0 y diploma<\/p>\n<p><strong>GANADOR: <\/strong>ZONA 5. Valera<\/p>\n<p><strong>TEM\u00c1TICA:<\/strong> AIRES DE PRIMAVERA<\/p>\n<p>Puntuaci\u00f3n: 48 puntos<\/td>\n<td width=\"123\">C\/ Valera<\/td>\n<td width=\"72\"><strong>18:30h<\/strong><\/td>\n<\/tr>\n<tr>\n<td width=\"423\">\n<p><strong>1\u00ba PREMIO: <\/strong>375 \u20ac y diploma<\/p>\n<p><strong>GANADOR:<\/strong> ZONA 6. Arrabal de San Sebasti\u00e1n<\/p>\n<p><strong>TEM\u00c1TICA:<\/strong> JARD\u00cdN FLORIDO<\/p>\n<p>Puntuaci\u00f3n: 64 puntos<\/td>\n<td width=\"123\">Plaza del Arrabal de San Sebasti\u00e1n<\/td>\n<td width=\"72\"><strong>18:45h<\/strong><\/td>\n<\/tr>\n<\/tbody>\n<\/table>\n<p>&nbsp;<\/p>\n","protected":false},"excerpt":{"rendered":"<p>El Jurado calificador del IV Concurso Floral de Primavera 2024 ha estado integrado por: PRESIDENTA D\u00aa Paola Mart\u00edn Mu\u00f1oz\u00a0\u00a0\u00a0\u00a0\u00a0\u00a0\u00a0\u00a0\u00a0\u00a0\u00a0\u00a0\u00a0\u00a0\u00a0\u00a0\u00a0\u00a0\u00a0\u00a0 Concejala Delegada de Comercio, representante\u00a0 \u00a0 \u00a0 \u00a0 \u00a0 \u00a0 \u00a0 \u00a0 \u00a0 \u00a0 \u00a0 \u00a0 \u00a0 \u00a0 \u00a0 \u00a0 \u00a0 \u00a0 \u00a0 \u00a0 \u00a0 \u00a0 \u00a0 \u00a0 \u00a0 \u00a0 \u00a0 \u00a0 \u00a0 del Grupo Municipal [&hellip;]<\/p>\n","protected":false},"author":11,"featured_media":17517,"comment_status":"closed","ping_status":"closed","sticky":false,"template":"","format":"standard","meta":{"footnotes":""},"categories":[141,147],"tags":[],"class_list":["post-17516","post","type-post","status-publish","format-standard","has-post-thumbnail","hentry","category-actualidad","category-destacados"],"_links":{"self":[{"href":"https:\/\/www.ciudadrodrigo.es\/ayuntamiento\/wp-json\/wp\/v2\/posts\/17516","targetHints":{"allow":["GET"]}}],"collection":[{"href":"https:\/\/www.ciudadrodrigo.es\/ayuntamiento\/wp-json\/wp\/v2\/posts"}],"about":[{"href":"https:\/\/www.ciudadrodrigo.es\/ayuntamiento\/wp-json\/wp\/v2\/types\/post"}],"author":[{"embeddable":true,"href":"https:\/\/www.ciudadrodrigo.es\/ayuntamiento\/wp-json\/wp\/v2\/users\/11"}],"replies":[{"embeddable":true,"href":"https:\/\/www.ciudadrodrigo.es\/ayuntamiento\/wp-json\/wp\/v2\/comments?post=17516"}],"version-history":[{"count":6,"href":"https:\/\/www.ciudadrodrigo.es\/ayuntamiento\/wp-json\/wp\/v2\/posts\/17516\/revisions"}],"predecessor-version":[{"id":17571,"href":"https:\/\/www.ciudadrodrigo.es\/ayuntamiento\/wp-json\/wp\/v2\/posts\/17516\/revisions\/17571"}],"wp:featuredmedia":[{"embeddable":true,"href":"https:\/\/www.ciudadrodrigo.es\/ayuntamiento\/wp-json\/wp\/v2\/media\/17517"}],"wp:attachment":[{"href":"https:\/\/www.ciudadrodrigo.es\/ayuntamiento\/wp-json\/wp\/v2\/media?parent=17516"}],"wp:term":[{"taxonomy":"category","embeddable":true,"href":"https:\/\/www.ciudadrodrigo.es\/ayuntamiento\/wp-json\/wp\/v2\/categories?post=17516"},{"taxonomy":"post_tag","embeddable":true,"href":"https:\/\/www.ciudadrodrigo.es\/ayuntamiento\/wp-json\/wp\/v2\/tags?post=17516"}],"curies":[{"name":"wp","href":"https:\/\/api.w.org\/{rel}","templated":true}]}}