{"id":17709,"date":"2024-07-16T09:43:40","date_gmt":"2024-07-16T07:43:40","guid":{"rendered":"https:\/\/www.ciudadrodrigo.es\/ayuntamiento\/?p=17709"},"modified":"2024-07-16T09:43:40","modified_gmt":"2024-07-16T07:43:40","slug":"recorrido-historico-por-el-comercio-mirobrigense","status":"publish","type":"post","link":"https:\/\/www.ciudadrodrigo.es\/ayuntamiento\/recorrido-historico-por-el-comercio-mirobrigense\/","title":{"rendered":"Recorrido hist\u00f3rico por el comercio mirobrigense"},"content":{"rendered":"<div class=\"xdj266r x11i5rnm xat24cr x1mh8g0r x1vvkbs x126k92a\">\n<div dir=\"auto\">El Centro de Iniciativas Tur\u00edsticas ha promovido la exposici\u00f3n \u00abPor los escaparates de nuestra historia\u00bb que se puede ver hasta el d\u00eda 31 de agosto en la galer\u00eda alta de la Casa Consistorial de Ciudad Rodrigo.<\/div>\n<div dir=\"auto\">El alcalde, Marcos Iglesias, ha destacado la labor de esta \u00abmagn\u00edfica exposici\u00f3n\u00bb como homenaje a los comerciantes de Ciudad Rodrigo.<\/div>\n<div dir=\"auto\">La muestra tiene como origen la creaci\u00f3n por parte del Centro de Iniciativas Tur\u00edsticas de una Ruta del Comercio Hist\u00f3rico Local en la que se fijan 20 puntos dentro del recinto amurallado, 20 comercios por su tipolog\u00eda especial: antig\u00fcedad, hist\u00f3rica, patrimonial, cultural, art\u00edstica y comercial. Cada comercio tiene sus fotos y una ficha explicativa.<\/div>\n<div dir=\"auto\">\n<p>Entre las fotograf\u00edas de la exposici\u00f3n hay de m\u00e1s negocios y oficios.<\/p>\n<p><a href=\"https:\/\/www.ciudadrodrigo.es\/ayuntamiento\/wp-content\/uploads\/2024\/07\/Cartel-exposicion-CIT-web-scaled.jpg\"><img loading=\"lazy\" decoding=\"async\" class=\"alignnone size-medium wp-image-17710\" src=\"https:\/\/www.ciudadrodrigo.es\/ayuntamiento\/wp-content\/uploads\/2024\/07\/Cartel-exposicion-CIT-web-214x300.jpg\" alt=\"\" width=\"214\" height=\"300\" srcset=\"https:\/\/www.ciudadrodrigo.es\/ayuntamiento\/wp-content\/uploads\/2024\/07\/Cartel-exposicion-CIT-web-214x300.jpg 214w, https:\/\/www.ciudadrodrigo.es\/ayuntamiento\/wp-content\/uploads\/2024\/07\/Cartel-exposicion-CIT-web-729x1024.jpg 729w, https:\/\/www.ciudadrodrigo.es\/ayuntamiento\/wp-content\/uploads\/2024\/07\/Cartel-exposicion-CIT-web-768x1079.jpg 768w, https:\/\/www.ciudadrodrigo.es\/ayuntamiento\/wp-content\/uploads\/2024\/07\/Cartel-exposicion-CIT-web-1093x1536.jpg 1093w, https:\/\/www.ciudadrodrigo.es\/ayuntamiento\/wp-content\/uploads\/2024\/07\/Cartel-exposicion-CIT-web-1458x2048.jpg 1458w, https:\/\/www.ciudadrodrigo.es\/ayuntamiento\/wp-content\/uploads\/2024\/07\/Cartel-exposicion-CIT-web-1180x1658.jpg 1180w, https:\/\/www.ciudadrodrigo.es\/ayuntamiento\/wp-content\/uploads\/2024\/07\/Cartel-exposicion-CIT-web-800x1124.jpg 800w, https:\/\/www.ciudadrodrigo.es\/ayuntamiento\/wp-content\/uploads\/2024\/07\/Cartel-exposicion-CIT-web-650x913.jpg 650w, https:\/\/www.ciudadrodrigo.es\/ayuntamiento\/wp-content\/uploads\/2024\/07\/Cartel-exposicion-CIT-web-440x618.jpg 440w, https:\/\/www.ciudadrodrigo.es\/ayuntamiento\/wp-content\/uploads\/2024\/07\/Cartel-exposicion-CIT-web-scaled.jpg 1822w\" sizes=\"auto, (max-width: 214px) 100vw, 214px\" \/><\/a><a href=\"https:\/\/www.ciudadrodrigo.es\/ayuntamiento\/wp-content\/uploads\/2024\/07\/Expo-CIT-Folleto-4-web-scaled.jpg\"><img loading=\"lazy\" decoding=\"async\" class=\"alignnone size-medium wp-image-17711\" src=\"https:\/\/www.ciudadrodrigo.es\/ayuntamiento\/wp-content\/uploads\/2024\/07\/Expo-CIT-Folleto-4-web-300x216.jpg\" alt=\"\" width=\"300\" height=\"216\" srcset=\"https:\/\/www.ciudadrodrigo.es\/ayuntamiento\/wp-content\/uploads\/2024\/07\/Expo-CIT-Folleto-4-web-300x216.jpg 300w, https:\/\/www.ciudadrodrigo.es\/ayuntamiento\/wp-content\/uploads\/2024\/07\/Expo-CIT-Folleto-4-web-1024x738.jpg 1024w, https:\/\/www.ciudadrodrigo.es\/ayuntamiento\/wp-content\/uploads\/2024\/07\/Expo-CIT-Folleto-4-web-768x554.jpg 768w, https:\/\/www.ciudadrodrigo.es\/ayuntamiento\/wp-content\/uploads\/2024\/07\/Expo-CIT-Folleto-4-web-1536x1107.jpg 1536w, https:\/\/www.ciudadrodrigo.es\/ayuntamiento\/wp-content\/uploads\/2024\/07\/Expo-CIT-Folleto-4-web-2048x1476.jpg 2048w, https:\/\/www.ciudadrodrigo.es\/ayuntamiento\/wp-content\/uploads\/2024\/07\/Expo-CIT-Folleto-4-web-1180x851.jpg 1180w, https:\/\/www.ciudadrodrigo.es\/ayuntamiento\/wp-content\/uploads\/2024\/07\/Expo-CIT-Folleto-4-web-800x577.jpg 800w, https:\/\/www.ciudadrodrigo.es\/ayuntamiento\/wp-content\/uploads\/2024\/07\/Expo-CIT-Folleto-4-web-650x469.jpg 650w, https:\/\/www.ciudadrodrigo.es\/ayuntamiento\/wp-content\/uploads\/2024\/07\/Expo-CIT-Folleto-4-web-440x317.jpg 440w\" sizes=\"auto, (max-width: 300px) 100vw, 300px\" \/><\/a><\/p>\n<\/div>\n<\/div>\n","protected":false},"excerpt":{"rendered":"<p>El Centro de Iniciativas Tur\u00edsticas ha promovido la exposici\u00f3n \u00abPor los escaparates de nuestra historia\u00bb que se puede ver hasta el d\u00eda 31 de agosto en la galer\u00eda alta de la Casa Consistorial de Ciudad Rodrigo. El alcalde, Marcos Iglesias, ha destacado la labor de esta \u00abmagn\u00edfica exposici\u00f3n\u00bb como homenaje a los comerciantes de Ciudad [&hellip;]<\/p>\n","protected":false},"author":11,"featured_media":17712,"comment_status":"closed","ping_status":"closed","sticky":false,"template":"","format":"standard","meta":{"footnotes":""},"categories":[141,371,147],"tags":[],"class_list":["post-17709","post","type-post","status-publish","format-standard","has-post-thumbnail","hentry","category-actualidad","category-comercio-actualidad","category-destacados"],"_links":{"self":[{"href":"https:\/\/www.ciudadrodrigo.es\/ayuntamiento\/wp-json\/wp\/v2\/posts\/17709","targetHints":{"allow":["GET"]}}],"collection":[{"href":"https:\/\/www.ciudadrodrigo.es\/ayuntamiento\/wp-json\/wp\/v2\/posts"}],"about":[{"href":"https:\/\/www.ciudadrodrigo.es\/ayuntamiento\/wp-json\/wp\/v2\/types\/post"}],"author":[{"embeddable":true,"href":"https:\/\/www.ciudadrodrigo.es\/ayuntamiento\/wp-json\/wp\/v2\/users\/11"}],"replies":[{"embeddable":true,"href":"https:\/\/www.ciudadrodrigo.es\/ayuntamiento\/wp-json\/wp\/v2\/comments?post=17709"}],"version-history":[{"count":1,"href":"https:\/\/www.ciudadrodrigo.es\/ayuntamiento\/wp-json\/wp\/v2\/posts\/17709\/revisions"}],"predecessor-version":[{"id":17713,"href":"https:\/\/www.ciudadrodrigo.es\/ayuntamiento\/wp-json\/wp\/v2\/posts\/17709\/revisions\/17713"}],"wp:featuredmedia":[{"embeddable":true,"href":"https:\/\/www.ciudadrodrigo.es\/ayuntamiento\/wp-json\/wp\/v2\/media\/17712"}],"wp:attachment":[{"href":"https:\/\/www.ciudadrodrigo.es\/ayuntamiento\/wp-json\/wp\/v2\/media?parent=17709"}],"wp:term":[{"taxonomy":"category","embeddable":true,"href":"https:\/\/www.ciudadrodrigo.es\/ayuntamiento\/wp-json\/wp\/v2\/categories?post=17709"},{"taxonomy":"post_tag","embeddable":true,"href":"https:\/\/www.ciudadrodrigo.es\/ayuntamiento\/wp-json\/wp\/v2\/tags?post=17709"}],"curies":[{"name":"wp","href":"https:\/\/api.w.org\/{rel}","templated":true}]}}