{"id":17928,"date":"2024-08-08T09:18:08","date_gmt":"2024-08-08T07:18:08","guid":{"rendered":"https:\/\/www.ciudadrodrigo.es\/ayuntamiento\/?p=17928"},"modified":"2024-08-08T09:18:08","modified_gmt":"2024-08-08T07:18:08","slug":"nuevo-foto-libro-sobre-ciudad-rodrigo","status":"publish","type":"post","link":"https:\/\/www.ciudadrodrigo.es\/ayuntamiento\/nuevo-foto-libro-sobre-ciudad-rodrigo\/","title":{"rendered":"Nuevo foto-libro sobre Ciudad Rodrigo"},"content":{"rendered":"<p>El mirobrigense Marcos F. Melgar Mart\u00edn presentar\u00e1 el pr\u00f3ximo d\u00eda 14, mi\u00e9rcoles, en la Casa municipal de Cultura, su nueva publicaci\u00f3n, el foto-libro \u00abMir\u00f3briga\u00bb, acto en el que estar\u00e1 acompa\u00f1ado por la delegada municipal de Cultura, Patrimonio y Turismo, Bel\u00e9n Barco.<br class=\"html-br\" \/><br class=\"html-br\" \/>\u00abMir\u00f3briga\u00bb es una visi\u00f3n personal de Ciudad Rodrigo a trav\u00e9s de las fotograf\u00edas en blanco y negro con las que el autor quiere transmitir sus diferentes estados de \u00e1nimo a la vez que pasea por las calles de Ciudad Rodrigo durante un periodo de tiempo especial de su vida.<\/p>\n","protected":false},"excerpt":{"rendered":"<p>El mirobrigense Marcos F. Melgar Mart\u00edn presentar\u00e1 el pr\u00f3ximo d\u00eda 14, mi\u00e9rcoles, en la Casa municipal de Cultura, su nueva publicaci\u00f3n, el foto-libro \u00abMir\u00f3briga\u00bb, acto en el que estar\u00e1 acompa\u00f1ado por la delegada municipal de Cultura, Patrimonio y Turismo, Bel\u00e9n Barco.\u00abMir\u00f3briga\u00bb es una visi\u00f3n personal de Ciudad Rodrigo a trav\u00e9s de las fotograf\u00edas en blanco [&hellip;]<\/p>\n","protected":false},"author":11,"featured_media":17929,"comment_status":"closed","ping_status":"closed","sticky":false,"template":"","format":"standard","meta":{"footnotes":""},"categories":[141,368,147],"tags":[],"class_list":["post-17928","post","type-post","status-publish","format-standard","has-post-thumbnail","hentry","category-actualidad","category-cultura","category-destacados"],"_links":{"self":[{"href":"https:\/\/www.ciudadrodrigo.es\/ayuntamiento\/wp-json\/wp\/v2\/posts\/17928","targetHints":{"allow":["GET"]}}],"collection":[{"href":"https:\/\/www.ciudadrodrigo.es\/ayuntamiento\/wp-json\/wp\/v2\/posts"}],"about":[{"href":"https:\/\/www.ciudadrodrigo.es\/ayuntamiento\/wp-json\/wp\/v2\/types\/post"}],"author":[{"embeddable":true,"href":"https:\/\/www.ciudadrodrigo.es\/ayuntamiento\/wp-json\/wp\/v2\/users\/11"}],"replies":[{"embeddable":true,"href":"https:\/\/www.ciudadrodrigo.es\/ayuntamiento\/wp-json\/wp\/v2\/comments?post=17928"}],"version-history":[{"count":1,"href":"https:\/\/www.ciudadrodrigo.es\/ayuntamiento\/wp-json\/wp\/v2\/posts\/17928\/revisions"}],"predecessor-version":[{"id":17930,"href":"https:\/\/www.ciudadrodrigo.es\/ayuntamiento\/wp-json\/wp\/v2\/posts\/17928\/revisions\/17930"}],"wp:featuredmedia":[{"embeddable":true,"href":"https:\/\/www.ciudadrodrigo.es\/ayuntamiento\/wp-json\/wp\/v2\/media\/17929"}],"wp:attachment":[{"href":"https:\/\/www.ciudadrodrigo.es\/ayuntamiento\/wp-json\/wp\/v2\/media?parent=17928"}],"wp:term":[{"taxonomy":"category","embeddable":true,"href":"https:\/\/www.ciudadrodrigo.es\/ayuntamiento\/wp-json\/wp\/v2\/categories?post=17928"},{"taxonomy":"post_tag","embeddable":true,"href":"https:\/\/www.ciudadrodrigo.es\/ayuntamiento\/wp-json\/wp\/v2\/tags?post=17928"}],"curies":[{"name":"wp","href":"https:\/\/api.w.org\/{rel}","templated":true}]}}