{"id":17972,"date":"2024-08-26T10:03:23","date_gmt":"2024-08-26T08:03:23","guid":{"rendered":"https:\/\/www.ciudadrodrigo.es\/ayuntamiento\/?p=17972"},"modified":"2024-09-02T09:17:03","modified_gmt":"2024-09-02T07:17:03","slug":"autorizacion-de-uso-excepcional-en-suelo-rustico-para-sustitucion-de-6-postes-de-madera-por-postes-de-fibra-de-vidrioo-e-instalacion-de-tendido-de-cable-de-fibra-optica-entre-la-calle-clemente-velasc","status":"publish","type":"post","link":"https:\/\/www.ciudadrodrigo.es\/ayuntamiento\/autorizacion-de-uso-excepcional-en-suelo-rustico-para-sustitucion-de-6-postes-de-madera-por-postes-de-fibra-de-vidrioo-e-instalacion-de-tendido-de-cable-de-fibra-optica-entre-la-calle-clemente-velasc\/","title":{"rendered":"Autorizaci\u00f3n de uso excepcional en suelo r\u00fastico para sustituci\u00f3n de 6 postes de madera por postes de fibra de vidrio, e instalaci\u00f3n de tendido de cable de fibra \u00f3ptica entre la calle Clemente Velasco y el Paseo Salvador S\u00e1nchez Ter\u00e1n"},"content":{"rendered":"<p><strong>\u00d3RGANO QUE ORDENA LA PUBLICACI\u00d3N<\/strong>: Alcald\u00eda.<br \/>\n<strong>PUBLICACI\u00d3N WEB<\/strong>:\u00a0 \u00a026\/08\/2024<br \/>\n<strong>PUBLICACI\u00d3N BOCYL<\/strong>:\u00a0 <a href=\"https:\/\/bocyl.jcyl.es\/boletines\/2024\/08\/30\/pdf\/BOCYL-D-30082024-30.pdf\" target=\"_blank\" rel=\"noopener\">30\/08\/2024<\/a><br \/>\n<strong>PUBLICACI\u00d3N PRENSA<\/strong>:\u00a0 \u00a0La Gaceta 02\/09\/2024<br \/>\n<strong>PRESENTACI\u00d3N DE ALEGACIONES<\/strong>: 20 d\u00edas h\u00e1biles a contar desde la \u00faltima de las publicaciones. Hasta el 1 de octubre de 2024.<\/p>\n<p><strong>DOCUMENTOS<\/strong>:<\/p>\n<table style=\"border-collapse: collapse; width: 36.6933%; height: 17px;\" border=\"1\">\n<tbody>\n<tr>\n<td style=\"width: 10.4743%;\"><img loading=\"lazy\" decoding=\"async\" class=\"alignnone size-full wp-image-2515\" src=\"https:\/\/www.ciudadrodrigo.es\/ayuntamiento\/wp-content\/uploads\/2018\/04\/iconoDescargaPdf.png\" alt=\"\" width=\"30\" height=\"30\" \/><\/td>\n<td style=\"width: 89.5257%;\"><a href=\"https:\/\/www.ciudadrodrigo.es\/ayuntamiento\/wp-content\/uploads\/2024\/08\/MEMORIA-1895-2023.pdf\" target=\"_blank\" rel=\"noopener\">MEMORIA Y EXPEDIENTE<\/a><\/td>\n<\/tr>\n<\/tbody>\n<\/table>\n<p>&nbsp;<\/p>\n","protected":false},"excerpt":{"rendered":"<p>\u00d3RGANO QUE ORDENA LA PUBLICACI\u00d3N: Alcald\u00eda. PUBLICACI\u00d3N WEB:\u00a0 \u00a026\/08\/2024 PUBLICACI\u00d3N BOCYL:\u00a0 30\/08\/2024 PUBLICACI\u00d3N PRENSA:\u00a0 \u00a0La Gaceta 02\/09\/2024 PRESENTACI\u00d3N DE ALEGACIONES: 20 d\u00edas h\u00e1biles a contar desde la \u00faltima de las publicaciones. Hasta el 1 de octubre de 2024. DOCUMENTOS: MEMORIA Y EXPEDIENTE &nbsp;<\/p>\n","protected":false},"author":4,"featured_media":0,"comment_status":"closed","ping_status":"closed","sticky":false,"template":"","format":"standard","meta":{"footnotes":""},"categories":[151],"tags":[],"class_list":["post-17972","post","type-post","status-publish","format-standard","hentry","category-urbanismo-autorizaciones-de-uso-excepcional"],"_links":{"self":[{"href":"https:\/\/www.ciudadrodrigo.es\/ayuntamiento\/wp-json\/wp\/v2\/posts\/17972","targetHints":{"allow":["GET"]}}],"collection":[{"href":"https:\/\/www.ciudadrodrigo.es\/ayuntamiento\/wp-json\/wp\/v2\/posts"}],"about":[{"href":"https:\/\/www.ciudadrodrigo.es\/ayuntamiento\/wp-json\/wp\/v2\/types\/post"}],"author":[{"embeddable":true,"href":"https:\/\/www.ciudadrodrigo.es\/ayuntamiento\/wp-json\/wp\/v2\/users\/4"}],"replies":[{"embeddable":true,"href":"https:\/\/www.ciudadrodrigo.es\/ayuntamiento\/wp-json\/wp\/v2\/comments?post=17972"}],"version-history":[{"count":5,"href":"https:\/\/www.ciudadrodrigo.es\/ayuntamiento\/wp-json\/wp\/v2\/posts\/17972\/revisions"}],"predecessor-version":[{"id":18059,"href":"https:\/\/www.ciudadrodrigo.es\/ayuntamiento\/wp-json\/wp\/v2\/posts\/17972\/revisions\/18059"}],"wp:attachment":[{"href":"https:\/\/www.ciudadrodrigo.es\/ayuntamiento\/wp-json\/wp\/v2\/media?parent=17972"}],"wp:term":[{"taxonomy":"category","embeddable":true,"href":"https:\/\/www.ciudadrodrigo.es\/ayuntamiento\/wp-json\/wp\/v2\/categories?post=17972"},{"taxonomy":"post_tag","embeddable":true,"href":"https:\/\/www.ciudadrodrigo.es\/ayuntamiento\/wp-json\/wp\/v2\/tags?post=17972"}],"curies":[{"name":"wp","href":"https:\/\/api.w.org\/{rel}","templated":true}]}}