{"id":17976,"date":"2024-08-26T10:14:17","date_gmt":"2024-08-26T08:14:17","guid":{"rendered":"https:\/\/www.ciudadrodrigo.es\/ayuntamiento\/?p=17976"},"modified":"2024-09-02T09:15:55","modified_gmt":"2024-09-02T07:15:55","slug":"autorizacion-de-uso-excepcional-en-suelo-rustico-para-la-instalacion-de-54-postes-y-cableado-proyectado-para-fibra-optica-por-infraestructura-aerea-en-carretera-sa-324","status":"publish","type":"post","link":"https:\/\/www.ciudadrodrigo.es\/ayuntamiento\/autorizacion-de-uso-excepcional-en-suelo-rustico-para-la-instalacion-de-54-postes-y-cableado-proyectado-para-fibra-optica-por-infraestructura-aerea-en-carretera-sa-324\/","title":{"rendered":"Autorizaci\u00f3n de uso excepcional en suelo r\u00fastico para la instalaci\u00f3n de 54 postes y cableado proyectado para fibra \u00f3ptica por infraestructura a\u00e9rea  en Carretera SA-324"},"content":{"rendered":"<p><strong>\u00d3RGANO QUE ORDENA LA PUBLICACI\u00d3N<\/strong>: Junta de Gobierno Local.<br \/>\n<strong>PUBLICACI\u00d3N WEB<\/strong>:\u00a0 \u00a026\/08\/2024<br \/>\n<strong>PUBLICACI\u00d3N BOCYL<\/strong>:\u00a0<a href=\"https:\/\/bocyl.jcyl.es\/boletines\/2024\/08\/30\/pdf\/BOCYL-D-30082024-31.pdf\" target=\"_blank\" rel=\"noopener\"> 30\/08\/2024<\/a><br \/>\n<strong>PUBLICACI\u00d3N PRENSA<\/strong>:\u00a0 \u00a0La Gaceta 02\/09\/2024<br \/>\n<strong>PRESENTACI\u00d3N DE ALEGACIONES<\/strong>: 20 d\u00edas h\u00e1biles a contar desde la \u00faltima de las publicaciones. Hasta el 1 de octubre de 2024.<\/p>\n<p><strong>DOCUMENTOS<\/strong>:<\/p>\n<table style=\"border-collapse: collapse; width: 36.8383%; height: 18px;\" border=\"1\">\n<tbody>\n<tr>\n<td style=\"width: 9.05512%;\"><img loading=\"lazy\" decoding=\"async\" class=\"alignnone size-full wp-image-2515\" src=\"https:\/\/www.ciudadrodrigo.es\/ayuntamiento\/wp-content\/uploads\/2018\/04\/iconoDescargaPdf.png\" alt=\"\" width=\"30\" height=\"30\" \/><\/td>\n<td style=\"width: 90.9449%;\"><a href=\"https:\/\/www.ciudadrodrigo.es\/ayuntamiento\/wp-content\/uploads\/2024\/08\/MEMORIA-457-2024.pdf\" target=\"_blank\" rel=\"noopener\">MEMORIA Y EXPEDIENTE<\/a><\/td>\n<\/tr>\n<\/tbody>\n<\/table>\n<p>&nbsp;<\/p>\n","protected":false},"excerpt":{"rendered":"<p>\u00d3RGANO QUE ORDENA LA PUBLICACI\u00d3N: Junta de Gobierno Local. PUBLICACI\u00d3N WEB:\u00a0 \u00a026\/08\/2024 PUBLICACI\u00d3N BOCYL:\u00a0 30\/08\/2024 PUBLICACI\u00d3N PRENSA:\u00a0 \u00a0La Gaceta 02\/09\/2024 PRESENTACI\u00d3N DE ALEGACIONES: 20 d\u00edas h\u00e1biles a contar desde la \u00faltima de las publicaciones. Hasta el 1 de octubre de 2024. DOCUMENTOS: MEMORIA Y EXPEDIENTE &nbsp;<\/p>\n","protected":false},"author":4,"featured_media":0,"comment_status":"closed","ping_status":"closed","sticky":false,"template":"","format":"standard","meta":{"footnotes":""},"categories":[151],"tags":[],"class_list":["post-17976","post","type-post","status-publish","format-standard","hentry","category-urbanismo-autorizaciones-de-uso-excepcional"],"_links":{"self":[{"href":"https:\/\/www.ciudadrodrigo.es\/ayuntamiento\/wp-json\/wp\/v2\/posts\/17976","targetHints":{"allow":["GET"]}}],"collection":[{"href":"https:\/\/www.ciudadrodrigo.es\/ayuntamiento\/wp-json\/wp\/v2\/posts"}],"about":[{"href":"https:\/\/www.ciudadrodrigo.es\/ayuntamiento\/wp-json\/wp\/v2\/types\/post"}],"author":[{"embeddable":true,"href":"https:\/\/www.ciudadrodrigo.es\/ayuntamiento\/wp-json\/wp\/v2\/users\/4"}],"replies":[{"embeddable":true,"href":"https:\/\/www.ciudadrodrigo.es\/ayuntamiento\/wp-json\/wp\/v2\/comments?post=17976"}],"version-history":[{"count":5,"href":"https:\/\/www.ciudadrodrigo.es\/ayuntamiento\/wp-json\/wp\/v2\/posts\/17976\/revisions"}],"predecessor-version":[{"id":18058,"href":"https:\/\/www.ciudadrodrigo.es\/ayuntamiento\/wp-json\/wp\/v2\/posts\/17976\/revisions\/18058"}],"wp:attachment":[{"href":"https:\/\/www.ciudadrodrigo.es\/ayuntamiento\/wp-json\/wp\/v2\/media?parent=17976"}],"wp:term":[{"taxonomy":"category","embeddable":true,"href":"https:\/\/www.ciudadrodrigo.es\/ayuntamiento\/wp-json\/wp\/v2\/categories?post=17976"},{"taxonomy":"post_tag","embeddable":true,"href":"https:\/\/www.ciudadrodrigo.es\/ayuntamiento\/wp-json\/wp\/v2\/tags?post=17976"}],"curies":[{"name":"wp","href":"https:\/\/api.w.org\/{rel}","templated":true}]}}