{"id":17980,"date":"2024-08-26T10:24:45","date_gmt":"2024-08-26T08:24:45","guid":{"rendered":"https:\/\/www.ciudadrodrigo.es\/ayuntamiento\/?p=17980"},"modified":"2025-08-07T08:41:15","modified_gmt":"2025-08-07T06:41:15","slug":"autorizacion-de-uso-excepcional-en-suelo-rustico-para-canalizacion-subterranea-de-fibra-optica-en-parcela-9007-9004-del-poligono-15-y-dsa-469","status":"publish","type":"post","link":"https:\/\/www.ciudadrodrigo.es\/ayuntamiento\/autorizacion-de-uso-excepcional-en-suelo-rustico-para-canalizacion-subterranea-de-fibra-optica-en-parcela-9007-9004-del-poligono-15-y-dsa-469\/","title":{"rendered":"Autorizaci\u00f3n de uso excepcional en suelo r\u00fastico para canalizaci\u00f3n subterr\u00e1nea de fibra \u00f3ptica en parcela 9007, 9004 del pol\u00edgono 15 y DSA-469"},"content":{"rendered":"<p><strong>\u00d3RGANO QUE ORDENA LA PUBLICACI\u00d3N<\/strong>: Junta de Gobierno Local.<br \/>\n<strong>PUBLICACI\u00d3N WEB<\/strong>:\u00a0 \u00a026\/08\/2024<br \/>\n<strong>PUBLICACI\u00d3N BOCYL<\/strong>:\u00a0 pendiente de publicar<br \/>\n<strong>PUBLICACI\u00d3N PRENSA<\/strong>:\u00a0 \u00a0pendiente de publicar<br \/>\n<strong>PRESENTACI\u00d3N DE ALEGACIONES<\/strong>: 20 d\u00edas h\u00e1biles a contar desde la \u00faltima de las publicaciones.<\/p>\n<p><strong>DOCUMENTOS<\/strong>:<\/p>\n<table style=\"border-collapse: collapse; width: 41.7694%; height: 30px;\" border=\"1\">\n<tbody>\n<tr>\n<td style=\"width: 11.1111%;\"><img loading=\"lazy\" decoding=\"async\" class=\"alignnone size-full wp-image-2515\" src=\"https:\/\/www.ciudadrodrigo.es\/ayuntamiento\/wp-content\/uploads\/2018\/04\/iconoDescargaPdf.png\" alt=\"\" width=\"30\" height=\"30\" \/><\/td>\n<td style=\"width: 88.8889%;\"><a href=\"https:\/\/www.ciudadrodrigo.es\/ayuntamiento\/wp-content\/uploads\/2024\/08\/MEMORIA-512-2023.pdf\" target=\"_blank\" rel=\"noopener\">MEMORIA Y EXPEDIENTE<\/a><\/td>\n<\/tr>\n<\/tbody>\n<\/table>\n<p><\/p>\n","protected":false},"excerpt":{"rendered":"<p>\u00d3RGANO QUE ORDENA LA PUBLICACI\u00d3N: Junta de Gobierno Local. PUBLICACI\u00d3N WEB:\u00a0 \u00a026\/08\/2024 PUBLICACI\u00d3N BOCYL:\u00a0 pendiente de publicar PUBLICACI\u00d3N PRENSA:\u00a0 \u00a0pendiente de publicar PRESENTACI\u00d3N DE ALEGACIONES: 20 d\u00edas h\u00e1biles a contar desde la \u00faltima de las publicaciones. DOCUMENTOS: MEMORIA Y EXPEDIENTE<\/p>\n","protected":false},"author":4,"featured_media":0,"comment_status":"closed","ping_status":"closed","sticky":false,"template":"","format":"standard","meta":{"footnotes":""},"categories":[151],"tags":[],"class_list":["post-17980","post","type-post","status-publish","format-standard","hentry","category-urbanismo-autorizaciones-de-uso-excepcional"],"_links":{"self":[{"href":"https:\/\/www.ciudadrodrigo.es\/ayuntamiento\/wp-json\/wp\/v2\/posts\/17980","targetHints":{"allow":["GET"]}}],"collection":[{"href":"https:\/\/www.ciudadrodrigo.es\/ayuntamiento\/wp-json\/wp\/v2\/posts"}],"about":[{"href":"https:\/\/www.ciudadrodrigo.es\/ayuntamiento\/wp-json\/wp\/v2\/types\/post"}],"author":[{"embeddable":true,"href":"https:\/\/www.ciudadrodrigo.es\/ayuntamiento\/wp-json\/wp\/v2\/users\/4"}],"replies":[{"embeddable":true,"href":"https:\/\/www.ciudadrodrigo.es\/ayuntamiento\/wp-json\/wp\/v2\/comments?post=17980"}],"version-history":[{"count":1,"href":"https:\/\/www.ciudadrodrigo.es\/ayuntamiento\/wp-json\/wp\/v2\/posts\/17980\/revisions"}],"predecessor-version":[{"id":17982,"href":"https:\/\/www.ciudadrodrigo.es\/ayuntamiento\/wp-json\/wp\/v2\/posts\/17980\/revisions\/17982"}],"wp:attachment":[{"href":"https:\/\/www.ciudadrodrigo.es\/ayuntamiento\/wp-json\/wp\/v2\/media?parent=17980"}],"wp:term":[{"taxonomy":"category","embeddable":true,"href":"https:\/\/www.ciudadrodrigo.es\/ayuntamiento\/wp-json\/wp\/v2\/categories?post=17980"},{"taxonomy":"post_tag","embeddable":true,"href":"https:\/\/www.ciudadrodrigo.es\/ayuntamiento\/wp-json\/wp\/v2\/tags?post=17980"}],"curies":[{"name":"wp","href":"https:\/\/api.w.org\/{rel}","templated":true}]}}