{"id":18053,"date":"2024-09-02T09:05:11","date_gmt":"2024-09-02T07:05:11","guid":{"rendered":"https:\/\/www.ciudadrodrigo.es\/ayuntamiento\/?p=18053"},"modified":"2024-09-02T09:15:04","modified_gmt":"2024-09-02T07:15:04","slug":"autorizacion-de-uso-excepcional-en-suelo-rustico-para-canalizacion-subterranea-de-fibra-optica-en-las-parcelas-9004-y-9007-del-poligono-15-y-dsa-469","status":"publish","type":"post","link":"https:\/\/www.ciudadrodrigo.es\/ayuntamiento\/autorizacion-de-uso-excepcional-en-suelo-rustico-para-canalizacion-subterranea-de-fibra-optica-en-las-parcelas-9004-y-9007-del-poligono-15-y-dsa-469\/","title":{"rendered":"Autorizaci\u00f3n de uso excepcional en suelo r\u00fastico para canalizaci\u00f3n subterr\u00e1nea de fibra \u00f3ptica en las parcelas 9004 y 9007 del pol\u00edgono 15 y DSA 469"},"content":{"rendered":"<p><strong>\u00d3RGANO QUE ORDENA LA PUBLICACI\u00d3N<\/strong>: Junta de Gobierno Local.<br \/>\n<strong>PUBLICACI\u00d3N WEB<\/strong>:\u00a0 \u00a026\/08\/2024<br \/>\n<strong>PUBLICACI\u00d3N BOCYL<\/strong>: <a href=\"https:\/\/bocyl.jcyl.es\/boletines\/2024\/08\/30\/pdf\/BOCYL-D-30082024-29.pdf\" target=\"_blank\" rel=\"noopener\">30\/08\/2024<\/a><br \/>\n<strong>PUBLICACI\u00d3N PRENSA<\/strong>:\u00a0 \u00a0La Gaceta 02\/09\/2024<br \/>\n<strong>PRESENTACI\u00d3N DE ALEGACIONES<\/strong>: 20 d\u00edas h\u00e1biles a contar desde la \u00faltima de las publicaciones. Hasta el 1 de octubre de 2024<\/p>\n<p><span style=\"text-decoration: underline;\"><strong>DOCUMENTOS<\/strong><\/span>:<\/p>\n<table style=\"border-collapse: collapse; width: 40.5366%; height: 28px;\" border=\"1\">\n<tbody>\n<tr>\n<td style=\"width: 9.57066%;\"><img loading=\"lazy\" decoding=\"async\" class=\"alignnone size-full wp-image-2515\" src=\"https:\/\/www.ciudadrodrigo.es\/ayuntamiento\/wp-content\/uploads\/2018\/04\/iconoDescargaPdf.png\" alt=\"\" width=\"30\" height=\"30\" \/><\/td>\n<td style=\"width: 90.4293%;\"><a href=\"https:\/\/www.ciudadrodrigo.es\/ayuntamiento\/wp-content\/uploads\/2024\/09\/MEMORIA-512-2023.pdf\" target=\"_blank\" rel=\"noopener\">MEMORIA Y EXPEDIENTE<\/a><\/td>\n<\/tr>\n<\/tbody>\n<\/table>\n<p>&nbsp;<\/p>\n","protected":false},"excerpt":{"rendered":"<p>\u00d3RGANO QUE ORDENA LA PUBLICACI\u00d3N: Junta de Gobierno Local. PUBLICACI\u00d3N WEB:\u00a0 \u00a026\/08\/2024 PUBLICACI\u00d3N BOCYL: 30\/08\/2024 PUBLICACI\u00d3N PRENSA:\u00a0 \u00a0La Gaceta 02\/09\/2024 PRESENTACI\u00d3N DE ALEGACIONES: 20 d\u00edas h\u00e1biles a contar desde la \u00faltima de las publicaciones. Hasta el 1 de octubre de 2024 DOCUMENTOS: MEMORIA Y EXPEDIENTE &nbsp;<\/p>\n","protected":false},"author":4,"featured_media":0,"comment_status":"closed","ping_status":"closed","sticky":false,"template":"","format":"standard","meta":{"footnotes":""},"categories":[151],"tags":[],"class_list":["post-18053","post","type-post","status-publish","format-standard","hentry","category-urbanismo-autorizaciones-de-uso-excepcional"],"_links":{"self":[{"href":"https:\/\/www.ciudadrodrigo.es\/ayuntamiento\/wp-json\/wp\/v2\/posts\/18053","targetHints":{"allow":["GET"]}}],"collection":[{"href":"https:\/\/www.ciudadrodrigo.es\/ayuntamiento\/wp-json\/wp\/v2\/posts"}],"about":[{"href":"https:\/\/www.ciudadrodrigo.es\/ayuntamiento\/wp-json\/wp\/v2\/types\/post"}],"author":[{"embeddable":true,"href":"https:\/\/www.ciudadrodrigo.es\/ayuntamiento\/wp-json\/wp\/v2\/users\/4"}],"replies":[{"embeddable":true,"href":"https:\/\/www.ciudadrodrigo.es\/ayuntamiento\/wp-json\/wp\/v2\/comments?post=18053"}],"version-history":[{"count":3,"href":"https:\/\/www.ciudadrodrigo.es\/ayuntamiento\/wp-json\/wp\/v2\/posts\/18053\/revisions"}],"predecessor-version":[{"id":18057,"href":"https:\/\/www.ciudadrodrigo.es\/ayuntamiento\/wp-json\/wp\/v2\/posts\/18053\/revisions\/18057"}],"wp:attachment":[{"href":"https:\/\/www.ciudadrodrigo.es\/ayuntamiento\/wp-json\/wp\/v2\/media?parent=18053"}],"wp:term":[{"taxonomy":"category","embeddable":true,"href":"https:\/\/www.ciudadrodrigo.es\/ayuntamiento\/wp-json\/wp\/v2\/categories?post=18053"},{"taxonomy":"post_tag","embeddable":true,"href":"https:\/\/www.ciudadrodrigo.es\/ayuntamiento\/wp-json\/wp\/v2\/tags?post=18053"}],"curies":[{"name":"wp","href":"https:\/\/api.w.org\/{rel}","templated":true}]}}