{"id":18110,"date":"2024-09-16T13:08:28","date_gmt":"2024-09-16T11:08:28","guid":{"rendered":"https:\/\/www.ciudadrodrigo.es\/ayuntamiento\/?p=18110"},"modified":"2024-09-16T13:08:28","modified_gmt":"2024-09-16T11:08:28","slug":"presentacion-del-libro-el-viaje-de-andrea-i","status":"publish","type":"post","link":"https:\/\/www.ciudadrodrigo.es\/ayuntamiento\/presentacion-del-libro-el-viaje-de-andrea-i\/","title":{"rendered":"Presentaci\u00f3n del libro \u00abEl viaje de Andrea (I)\u00bb"},"content":{"rendered":"<p>Alicia Puertas Dom\u00ednguez, mam\u00e1 de Andrea, presentar\u00e1 el pr\u00f3ximo viernes, d\u00eda 20, a las 18:00 horas en el sal\u00f3n de actos la Casa municipal de Cultura de Ciudad Rodrigo el libro \u00abEl viaje de Andrea (I)\u00bb, que cuenta una historia real, <em>\u00aben este casco nuestra historia vista desde el prisma de una madre con una hija\/o con c\u00e1ncer infantil\u00bb<\/em>.<\/p>\n<p>Un libro, publicado por la editorial A Fortiori, con un contenido solidario tanto econ\u00f3mico como en el contenido del mismo, a favor de la Asociaci\u00f3n Nen. Un libro que marcar\u00e1 un antes y un despu\u00e9s en las personas que lo lean.<\/p>\n<p><em>\u201cCada momento, cada suceso, cada conversaci\u00f3n que lean, no es m\u00e1s que la realidad que nos toc\u00f3 vivir\u00bb.<\/em><\/p>\n","protected":false},"excerpt":{"rendered":"<p>Alicia Puertas Dom\u00ednguez, mam\u00e1 de Andrea, presentar\u00e1 el pr\u00f3ximo viernes, d\u00eda 20, a las 18:00 horas en el sal\u00f3n de actos la Casa municipal de Cultura de Ciudad Rodrigo el libro \u00abEl viaje de Andrea (I)\u00bb, que cuenta una historia real, \u00aben este casco nuestra historia vista desde el prisma de una madre con una [&hellip;]<\/p>\n","protected":false},"author":11,"featured_media":18111,"comment_status":"closed","ping_status":"closed","sticky":false,"template":"","format":"standard","meta":{"footnotes":""},"categories":[141,368,147],"tags":[],"class_list":["post-18110","post","type-post","status-publish","format-standard","has-post-thumbnail","hentry","category-actualidad","category-cultura","category-destacados"],"_links":{"self":[{"href":"https:\/\/www.ciudadrodrigo.es\/ayuntamiento\/wp-json\/wp\/v2\/posts\/18110","targetHints":{"allow":["GET"]}}],"collection":[{"href":"https:\/\/www.ciudadrodrigo.es\/ayuntamiento\/wp-json\/wp\/v2\/posts"}],"about":[{"href":"https:\/\/www.ciudadrodrigo.es\/ayuntamiento\/wp-json\/wp\/v2\/types\/post"}],"author":[{"embeddable":true,"href":"https:\/\/www.ciudadrodrigo.es\/ayuntamiento\/wp-json\/wp\/v2\/users\/11"}],"replies":[{"embeddable":true,"href":"https:\/\/www.ciudadrodrigo.es\/ayuntamiento\/wp-json\/wp\/v2\/comments?post=18110"}],"version-history":[{"count":2,"href":"https:\/\/www.ciudadrodrigo.es\/ayuntamiento\/wp-json\/wp\/v2\/posts\/18110\/revisions"}],"predecessor-version":[{"id":18113,"href":"https:\/\/www.ciudadrodrigo.es\/ayuntamiento\/wp-json\/wp\/v2\/posts\/18110\/revisions\/18113"}],"wp:featuredmedia":[{"embeddable":true,"href":"https:\/\/www.ciudadrodrigo.es\/ayuntamiento\/wp-json\/wp\/v2\/media\/18111"}],"wp:attachment":[{"href":"https:\/\/www.ciudadrodrigo.es\/ayuntamiento\/wp-json\/wp\/v2\/media?parent=18110"}],"wp:term":[{"taxonomy":"category","embeddable":true,"href":"https:\/\/www.ciudadrodrigo.es\/ayuntamiento\/wp-json\/wp\/v2\/categories?post=18110"},{"taxonomy":"post_tag","embeddable":true,"href":"https:\/\/www.ciudadrodrigo.es\/ayuntamiento\/wp-json\/wp\/v2\/tags?post=18110"}],"curies":[{"name":"wp","href":"https:\/\/api.w.org\/{rel}","templated":true}]}}