{"id":18301,"date":"2024-10-24T10:22:40","date_gmt":"2024-10-24T08:22:40","guid":{"rendered":"https:\/\/www.ciudadrodrigo.es\/ayuntamiento\/?p=18301"},"modified":"2024-10-24T10:22:40","modified_gmt":"2024-10-24T08:22:40","slug":"monumentos-megaliticos-de-la-cuenca-del-agueda-yeltes-y-camaces","status":"publish","type":"post","link":"https:\/\/www.ciudadrodrigo.es\/ayuntamiento\/monumentos-megaliticos-de-la-cuenca-del-agueda-yeltes-y-camaces\/","title":{"rendered":"Monumentos Megal\u00edticos de la Cuenca del \u00c1gueda, Yeltes y Camaces"},"content":{"rendered":"<p>El Ayuntamiento de Ciudad Rodrigo y el Centro de Estudios Mirobrigenses presentan el libro bajo el t\u00edtulo <em>Monumentos megal\u00edticos de la cuenca del \u00c1gueda, Yeltes y Camaces. An\u00e1lisis espacial y territorial, <\/em>del que es autor Jos\u00e9 Luis Francisco, galardonado con el XXXVI Premio de Investigaci\u00f3n Juli\u00e1n S\u00e1nchez, El Charro, convocado por el Ayuntamiento en la anualidad de 2020.<\/p>\n<p>El premio fue concedido porque la obra aborda una visi\u00f3n de conjunto del fen\u00f3meno del megalitismo en la comarca de Ciudad Rodrigo realiz\u00e1ndose por vez primera un \u00abpormenorizado estudio que atiende, acertadamente, a conjugar diversos criterios a la hora de analizar el emplazamiento de los monumentos, atendiendo tanto a los condicionamientos de la geomorfolog\u00eda como de la topograf\u00eda\u00bb.<\/p>\n<p>Esta nueva publicaci\u00f3n, enmarcada en la serie Trabajos de Investigaci\u00f3n con el n\u00famero 13, es una coedici\u00f3n entre el Ayuntamiento de Ciudad Rodrigo y el Centro de Estudios Mirobrigenses, contando tambi\u00e9n con la colaboraci\u00f3n de la Diputaci\u00f3n de Salamanca.<\/p>\n<p>El acto tendr\u00e1 lugar el pr\u00f3ximo d\u00eda 31 de octubre de 2024, a las 19:30 horas, en el sal\u00f3n de actos de la Casa Municipal de Cultura. La entrada es libre hasta completar el aforo y contar\u00e1 con la participaci\u00f3n del alcalde mirobrigense, Marcos Iglesias; el presidente del CEM, Jos\u00e9 Ignacio Mart\u00edn Benito, y el autor, Jos\u00e9 Luis Francisco.<\/p>\n","protected":false},"excerpt":{"rendered":"<p>El Ayuntamiento de Ciudad Rodrigo y el Centro de Estudios Mirobrigenses presentan el libro bajo el t\u00edtulo Monumentos megal\u00edticos de la cuenca del \u00c1gueda, Yeltes y Camaces. An\u00e1lisis espacial y territorial, del que es autor Jos\u00e9 Luis Francisco, galardonado con el XXXVI Premio de Investigaci\u00f3n Juli\u00e1n S\u00e1nchez, El Charro, convocado por el Ayuntamiento en la [&hellip;]<\/p>\n","protected":false},"author":11,"featured_media":18302,"comment_status":"closed","ping_status":"closed","sticky":false,"template":"","format":"standard","meta":{"footnotes":""},"categories":[141,368,147],"tags":[],"class_list":["post-18301","post","type-post","status-publish","format-standard","has-post-thumbnail","hentry","category-actualidad","category-cultura","category-destacados"],"_links":{"self":[{"href":"https:\/\/www.ciudadrodrigo.es\/ayuntamiento\/wp-json\/wp\/v2\/posts\/18301","targetHints":{"allow":["GET"]}}],"collection":[{"href":"https:\/\/www.ciudadrodrigo.es\/ayuntamiento\/wp-json\/wp\/v2\/posts"}],"about":[{"href":"https:\/\/www.ciudadrodrigo.es\/ayuntamiento\/wp-json\/wp\/v2\/types\/post"}],"author":[{"embeddable":true,"href":"https:\/\/www.ciudadrodrigo.es\/ayuntamiento\/wp-json\/wp\/v2\/users\/11"}],"replies":[{"embeddable":true,"href":"https:\/\/www.ciudadrodrigo.es\/ayuntamiento\/wp-json\/wp\/v2\/comments?post=18301"}],"version-history":[{"count":1,"href":"https:\/\/www.ciudadrodrigo.es\/ayuntamiento\/wp-json\/wp\/v2\/posts\/18301\/revisions"}],"predecessor-version":[{"id":18303,"href":"https:\/\/www.ciudadrodrigo.es\/ayuntamiento\/wp-json\/wp\/v2\/posts\/18301\/revisions\/18303"}],"wp:featuredmedia":[{"embeddable":true,"href":"https:\/\/www.ciudadrodrigo.es\/ayuntamiento\/wp-json\/wp\/v2\/media\/18302"}],"wp:attachment":[{"href":"https:\/\/www.ciudadrodrigo.es\/ayuntamiento\/wp-json\/wp\/v2\/media?parent=18301"}],"wp:term":[{"taxonomy":"category","embeddable":true,"href":"https:\/\/www.ciudadrodrigo.es\/ayuntamiento\/wp-json\/wp\/v2\/categories?post=18301"},{"taxonomy":"post_tag","embeddable":true,"href":"https:\/\/www.ciudadrodrigo.es\/ayuntamiento\/wp-json\/wp\/v2\/tags?post=18301"}],"curies":[{"name":"wp","href":"https:\/\/api.w.org\/{rel}","templated":true}]}}