{"id":18337,"date":"2024-11-06T09:24:53","date_gmt":"2024-11-06T08:24:53","guid":{"rendered":"https:\/\/www.ciudadrodrigo.es\/ayuntamiento\/?p=18337"},"modified":"2024-11-06T09:24:53","modified_gmt":"2024-11-06T08:24:53","slug":"encuentro-con-comerciantes-para-adhesiones-al-sorteo-del-coche","status":"publish","type":"post","link":"https:\/\/www.ciudadrodrigo.es\/ayuntamiento\/encuentro-con-comerciantes-para-adhesiones-al-sorteo-del-coche\/","title":{"rendered":"Encuentro con comerciantes para adhesiones al sorteo del coche"},"content":{"rendered":"<p><strong>CONVOCATORIA<\/strong><\/p>\n<p><strong>HOY MI\u00c9RCOLES, D\u00cdA 6<\/strong><\/p>\n<p><strong>20:15 HORAS<\/strong><\/p>\n<p><strong>Sal\u00f3n de Plenos del Ayuntamiento<\/strong><\/p>\n<p>&nbsp;<\/p>\n<p><strong>\u00a0<\/strong><strong>Enlace a Zoom: <\/strong><a href=\"https:\/\/us05web.zoom.us\/j\/83887135885?pwd=h9aiYTMuhUlsE9Hl42J1VbWxfrUxAQ.1\"><strong>https:\/\/us05web.zoom.us\/j\/83887135885?pwd=h9aiYTMuhUlsE9Hl42J1VbWxfrUxAQ.1<\/strong><\/a><\/p>\n<p>&nbsp;<\/p>\n<p>Afecir y el Ayuntamiento de Ciudad Rodrigo lanzan la convocatoria de un encuentro con todos los comerciantes y empresarios interesados en adherirse a la campa\u00f1a navide\u00f1a del sorteo de un coche que la federaci\u00f3n empresarial llevar\u00e1 a cabo con la colaboraci\u00f3n del Consistorio.<\/p>\n<p>En el encuentro, que estar\u00e1 dirigido por la concejal delegada de Comercio, Paola Mart\u00edn Mu\u00f1oz, y el presidente de Afecir, David Bernal, se podr\u00e1 participar tanto presencialmente, <strong>hoy mi\u00e9rcoles<\/strong> <strong>a las 20:15 horas en el sal\u00f3n de plenos del Ayuntamiento, <\/strong>como online a trav\u00e9s de la plataforma <strong>Zoom.<\/strong><\/p>\n<p>Tanto Paola Mart\u00edn Mu\u00f1oz como David Bernal presentar\u00e1n todos los extremos de la campa\u00f1a al tiempo que tratar\u00e1n de dar respuesta a las dudas que puedan presentar los comerciantes y empresarios interesados en participar en esta novedosa campa\u00f1a de promoci\u00f3n de la actividad comercial en Ciudad Rodrigo.<\/p>\n<p>&nbsp;<\/p>\n","protected":false},"excerpt":{"rendered":"<p>CONVOCATORIA HOY MI\u00c9RCOLES, D\u00cdA 6 20:15 HORAS Sal\u00f3n de Plenos del Ayuntamiento &nbsp; \u00a0Enlace a Zoom: https:\/\/us05web.zoom.us\/j\/83887135885?pwd=h9aiYTMuhUlsE9Hl42J1VbWxfrUxAQ.1 &nbsp; Afecir y el Ayuntamiento de Ciudad Rodrigo lanzan la convocatoria de un encuentro con todos los comerciantes y empresarios interesados en adherirse a la campa\u00f1a navide\u00f1a del sorteo de un coche que la federaci\u00f3n empresarial llevar\u00e1 a [&hellip;]<\/p>\n","protected":false},"author":11,"featured_media":18338,"comment_status":"closed","ping_status":"closed","sticky":false,"template":"","format":"standard","meta":{"footnotes":""},"categories":[141,371,147],"tags":[],"class_list":["post-18337","post","type-post","status-publish","format-standard","has-post-thumbnail","hentry","category-actualidad","category-comercio-actualidad","category-destacados"],"_links":{"self":[{"href":"https:\/\/www.ciudadrodrigo.es\/ayuntamiento\/wp-json\/wp\/v2\/posts\/18337","targetHints":{"allow":["GET"]}}],"collection":[{"href":"https:\/\/www.ciudadrodrigo.es\/ayuntamiento\/wp-json\/wp\/v2\/posts"}],"about":[{"href":"https:\/\/www.ciudadrodrigo.es\/ayuntamiento\/wp-json\/wp\/v2\/types\/post"}],"author":[{"embeddable":true,"href":"https:\/\/www.ciudadrodrigo.es\/ayuntamiento\/wp-json\/wp\/v2\/users\/11"}],"replies":[{"embeddable":true,"href":"https:\/\/www.ciudadrodrigo.es\/ayuntamiento\/wp-json\/wp\/v2\/comments?post=18337"}],"version-history":[{"count":1,"href":"https:\/\/www.ciudadrodrigo.es\/ayuntamiento\/wp-json\/wp\/v2\/posts\/18337\/revisions"}],"predecessor-version":[{"id":18339,"href":"https:\/\/www.ciudadrodrigo.es\/ayuntamiento\/wp-json\/wp\/v2\/posts\/18337\/revisions\/18339"}],"wp:featuredmedia":[{"embeddable":true,"href":"https:\/\/www.ciudadrodrigo.es\/ayuntamiento\/wp-json\/wp\/v2\/media\/18338"}],"wp:attachment":[{"href":"https:\/\/www.ciudadrodrigo.es\/ayuntamiento\/wp-json\/wp\/v2\/media?parent=18337"}],"wp:term":[{"taxonomy":"category","embeddable":true,"href":"https:\/\/www.ciudadrodrigo.es\/ayuntamiento\/wp-json\/wp\/v2\/categories?post=18337"},{"taxonomy":"post_tag","embeddable":true,"href":"https:\/\/www.ciudadrodrigo.es\/ayuntamiento\/wp-json\/wp\/v2\/tags?post=18337"}],"curies":[{"name":"wp","href":"https:\/\/api.w.org\/{rel}","templated":true}]}}