{"id":18353,"date":"2024-11-06T14:02:45","date_gmt":"2024-11-06T13:02:45","guid":{"rendered":"https:\/\/www.ciudadrodrigo.es\/ayuntamiento\/?p=18353"},"modified":"2025-07-22T08:13:42","modified_gmt":"2025-07-22T06:13:42","slug":"estudio-de-detalle-sobre-cambio-de-ordenacion-detallada-de-las-parcelas-de-equipamiento-publico-en-el-ambito-del-pas-29-1-poligono-industrial-las-vinas-del-pgou","status":"publish","type":"post","link":"https:\/\/www.ciudadrodrigo.es\/ayuntamiento\/estudio-de-detalle-sobre-cambio-de-ordenacion-detallada-de-las-parcelas-de-equipamiento-publico-en-el-ambito-del-pas-29-1-poligono-industrial-las-vinas-del-pgou\/","title":{"rendered":"Estudio de Detalle sobre cambio de ordenaci\u00f3n detallada de las parcelas de equipamiento p\u00fablico en el \u00e1mbito del PAS 29.1 Pol\u00edgono Industrial \u00abLas Vi\u00f1as\u00bb del PGOU"},"content":{"rendered":"<p>Promotor: Ayuntamiento<\/p>\n<p><strong>APROBACI\u00d3N INICIAL<\/strong><br \/>\nAcuerdo Junta de Gobierno Local: 29\/10\/2024<br \/>\nPublicaci\u00f3n web: 06\/11\/2024<br \/>\nPublicaci\u00f3n BOCYL:\u00a0 <a href=\"https:\/\/bocyl.jcyl.es\/boletines\/2024\/11\/13\/pdf\/BOCYL-D-13112024-41.pdf\" target=\"_blank\" rel=\"noopener\">13\/11\/2024<\/a><br \/>\nPublicaci\u00f3n prensa:\u00a0 14\/11\/2024<br \/>\nPer\u00edodo de informaci\u00f3n p\u00fablica: 1 mes desde la \u00faltima de las publicaciones. Hasta el 14 de diciembre de 2024<\/p>\n<p><strong>APROBACI\u00d3N DEFINITIVA:<\/strong><br \/>\nAcuerdo pleno ordinario: 18\/06\/2025<br \/>\nPublicaci\u00f3n web: 09\/05\/2025<br \/>\nPublicaci\u00f3n BOCyL: <a href=\"https:\/\/bocyl.jcyl.es\/boletines\/2025\/07\/22\/pdf\/BOCYL-D-22072025-27.pdf\" target=\"_blank\" rel=\"noopener\">22\/07\/2025<\/a><\/p>\n<p><strong><span style=\"text-decoration: underline;\">DOCUMENTOS<\/span><\/strong>:<\/p>\n<table style=\"border-collapse: collapse; width: 28.3539%; height: 15px;\" border=\"1\">\n<tbody>\n<tr>\n<td style=\"width: 10.6138%;\"><img loading=\"lazy\" decoding=\"async\" class=\"alignnone size-full wp-image-2515\" src=\"https:\/\/www.ciudadrodrigo.es\/ayuntamiento\/wp-content\/uploads\/2018\/04\/iconoDescargaPdf.png\" alt=\"\" width=\"30\" height=\"30\" \/><\/td>\n<td style=\"width: 122.634%;\"><a href=\"https:\/\/www.ciudadrodrigo.es\/ayuntamiento\/wp-content\/uploads\/2024\/11\/PROYECTO-ESTUDIO-DE-DETALLE-APROBADO-INICIALMENTE-Y-DILIGENCIADO.pdf\" target=\"_blank\" rel=\"noopener\">ESTUDIO DE DETALLE APROBADO INICIALMENTE<\/a><\/td>\n<\/tr>\n<tr>\n<td style=\"width: 10.6138%;\"><img loading=\"lazy\" decoding=\"async\" class=\"alignnone size-full wp-image-2515\" src=\"https:\/\/www.ciudadrodrigo.es\/ayuntamiento\/wp-content\/uploads\/2018\/04\/iconoDescargaPdf.png\" alt=\"\" width=\"30\" height=\"30\" \/><\/td>\n<td style=\"width: 122.634%;\"><a href=\"https:\/\/www.ciudadrodrigo.es\/ayuntamiento\/wp-content\/uploads\/2024\/11\/PROYECTO-ESTUDIO-DE-DETALLE-APROBADO-DEFINITIVAMENTE-Y-DILIGENCIADO.pdf\" target=\"_blank\" rel=\"noopener\">ESTUDIO DE DETALLE APROBADO DEFINITIVAMENTE<\/a><\/td>\n<\/tr>\n<\/tbody>\n<\/table>\n<p>&nbsp;<\/p>\n","protected":false},"excerpt":{"rendered":"<p>Promotor: Ayuntamiento APROBACI\u00d3N INICIAL Acuerdo Junta de Gobierno Local: 29\/10\/2024 Publicaci\u00f3n web: 06\/11\/2024 Publicaci\u00f3n BOCYL:\u00a0 13\/11\/2024 Publicaci\u00f3n prensa:\u00a0 14\/11\/2024 Per\u00edodo de informaci\u00f3n p\u00fablica: 1 mes desde la \u00faltima de las publicaciones. Hasta el 14 de diciembre de 2024 APROBACI\u00d3N DEFINITIVA: Acuerdo pleno ordinario: 18\/06\/2025 Publicaci\u00f3n web: 09\/05\/2025 Publicaci\u00f3n BOCyL: 22\/07\/2025 DOCUMENTOS: ESTUDIO DE DETALLE APROBADO [&hellip;]<\/p>\n","protected":false},"author":4,"featured_media":0,"comment_status":"closed","ping_status":"closed","sticky":false,"template":"","format":"standard","meta":{"footnotes":""},"categories":[152],"tags":[],"class_list":["post-18353","post","type-post","status-publish","format-standard","hentry","category-normativa-urbanistica-de-aplicacion-planeamiento"],"_links":{"self":[{"href":"https:\/\/www.ciudadrodrigo.es\/ayuntamiento\/wp-json\/wp\/v2\/posts\/18353","targetHints":{"allow":["GET"]}}],"collection":[{"href":"https:\/\/www.ciudadrodrigo.es\/ayuntamiento\/wp-json\/wp\/v2\/posts"}],"about":[{"href":"https:\/\/www.ciudadrodrigo.es\/ayuntamiento\/wp-json\/wp\/v2\/types\/post"}],"author":[{"embeddable":true,"href":"https:\/\/www.ciudadrodrigo.es\/ayuntamiento\/wp-json\/wp\/v2\/users\/4"}],"replies":[{"embeddable":true,"href":"https:\/\/www.ciudadrodrigo.es\/ayuntamiento\/wp-json\/wp\/v2\/comments?post=18353"}],"version-history":[{"count":7,"href":"https:\/\/www.ciudadrodrigo.es\/ayuntamiento\/wp-json\/wp\/v2\/posts\/18353\/revisions"}],"predecessor-version":[{"id":20302,"href":"https:\/\/www.ciudadrodrigo.es\/ayuntamiento\/wp-json\/wp\/v2\/posts\/18353\/revisions\/20302"}],"wp:attachment":[{"href":"https:\/\/www.ciudadrodrigo.es\/ayuntamiento\/wp-json\/wp\/v2\/media?parent=18353"}],"wp:term":[{"taxonomy":"category","embeddable":true,"href":"https:\/\/www.ciudadrodrigo.es\/ayuntamiento\/wp-json\/wp\/v2\/categories?post=18353"},{"taxonomy":"post_tag","embeddable":true,"href":"https:\/\/www.ciudadrodrigo.es\/ayuntamiento\/wp-json\/wp\/v2\/tags?post=18353"}],"curies":[{"name":"wp","href":"https:\/\/api.w.org\/{rel}","templated":true}]}}