{"id":18746,"date":"2025-01-21T11:00:35","date_gmt":"2025-01-21T10:00:35","guid":{"rendered":"https:\/\/www.ciudadrodrigo.es\/ayuntamiento\/?p=18746"},"modified":"2025-01-21T13:19:36","modified_gmt":"2025-01-21T12:19:36","slug":"fernando-arrabal-el-sabado-en-ciudad-rodrigo","status":"publish","type":"post","link":"https:\/\/www.ciudadrodrigo.es\/ayuntamiento\/fernando-arrabal-el-sabado-en-ciudad-rodrigo\/","title":{"rendered":"Fernando Arrabal, el s\u00e1bado en Ciudad Rodrigo"},"content":{"rendered":"<p class=\"selectable-text copyable-text x15bjb6t x1n2onr6\" dir=\"ltr\"><strong><span class=\"selectable-text copyable-text false\">Fernando Arrabal respalda el s\u00e1bado con su presencia el inicio del 125 aniversario del Teatro Nuevo que lleva su nombre en Ciudad Rodrigo<\/span><\/strong><\/p>\n<p class=\"selectable-text copyable-text x15bjb6t x1n2onr6\" dir=\"ltr\"><span class=\"selectable-text copyable-text false\">El dramaturgo mirobrigense Fernando Arrabal estar\u00e1 el pr\u00f3ximo s\u00e1bado, d\u00eda 25, en Ciudad Rodrigo con motivo del arranque de los actos de conmemoraci\u00f3n del 125 aniversario del Teatro Nuevo que lleva su nombre.<\/span><\/p>\n<p class=\"selectable-text copyable-text x15bjb6t x1n2onr6\" dir=\"ltr\"><span class=\"selectable-text copyable-text false\">\u201cEs un orgullo y un privilegio para Ciudad Rodrigo poder contar nuevamente con el dramaturgo vivo m\u00e1s representado en la actualidad en el mundo para dejar constancia de su \u2018mirobrigensismo\u2019 y respaldar con su presencia los actos de celebraci\u00f3n de tan significada fecha cultural\u201d, destaca el alcalde, Marcos Iglesias.<\/span><\/p>\n<p class=\"selectable-text copyable-text x15bjb6t x1n2onr6\" dir=\"ltr\"><span class=\"selectable-text copyable-text false\">La presencia de Fernando Arrabal en Ciudad Rodrigo ser\u00e1 aprovechada para hacerle entrega del Premio Castilla y Le\u00f3n de las Letras 2023 concedido por la Junta de Castilla y Le\u00f3n que recoger\u00e1 de manos del consejero de Cultura, Gonzalo Santonja, junto al alcalde mirobrigense, Marcos Iglesias, a las 20:00 horas en el Teatro Nuevo \u201cFernando Arrabal\u201d.<\/span><\/p>\n<p class=\"selectable-text copyable-text x15bjb6t x1n2onr6\" dir=\"ltr\"><span class=\"selectable-text copyable-text false\">A continuaci\u00f3n, y como estaba previsto, la compa\u00f1\u00eda Tel\u00e9fono Rojo Producciones pondr\u00e1 en escena la obra, escrita por Fernando Arrabal, \u201cY pusieron esposas a las flores\u201d, representaci\u00f3n con la que se abre el 125 aniversario del Teatro Nuevo \u201cFernando Arrabal\u201d.<\/span><\/p>\n","protected":false},"excerpt":{"rendered":"<p>Fernando Arrabal respalda el s\u00e1bado con su presencia el inicio del 125 aniversario del Teatro Nuevo que lleva su nombre en Ciudad Rodrigo El dramaturgo mirobrigense Fernando Arrabal estar\u00e1 el pr\u00f3ximo s\u00e1bado, d\u00eda 25, en Ciudad Rodrigo con motivo del arranque de los actos de conmemoraci\u00f3n del 125 aniversario del Teatro Nuevo que lleva su [&hellip;]<\/p>\n","protected":false},"author":11,"featured_media":18747,"comment_status":"closed","ping_status":"closed","sticky":false,"template":"","format":"standard","meta":{"footnotes":""},"categories":[141,368,147],"tags":[],"class_list":["post-18746","post","type-post","status-publish","format-standard","has-post-thumbnail","hentry","category-actualidad","category-cultura","category-destacados"],"_links":{"self":[{"href":"https:\/\/www.ciudadrodrigo.es\/ayuntamiento\/wp-json\/wp\/v2\/posts\/18746","targetHints":{"allow":["GET"]}}],"collection":[{"href":"https:\/\/www.ciudadrodrigo.es\/ayuntamiento\/wp-json\/wp\/v2\/posts"}],"about":[{"href":"https:\/\/www.ciudadrodrigo.es\/ayuntamiento\/wp-json\/wp\/v2\/types\/post"}],"author":[{"embeddable":true,"href":"https:\/\/www.ciudadrodrigo.es\/ayuntamiento\/wp-json\/wp\/v2\/users\/11"}],"replies":[{"embeddable":true,"href":"https:\/\/www.ciudadrodrigo.es\/ayuntamiento\/wp-json\/wp\/v2\/comments?post=18746"}],"version-history":[{"count":2,"href":"https:\/\/www.ciudadrodrigo.es\/ayuntamiento\/wp-json\/wp\/v2\/posts\/18746\/revisions"}],"predecessor-version":[{"id":18755,"href":"https:\/\/www.ciudadrodrigo.es\/ayuntamiento\/wp-json\/wp\/v2\/posts\/18746\/revisions\/18755"}],"wp:featuredmedia":[{"embeddable":true,"href":"https:\/\/www.ciudadrodrigo.es\/ayuntamiento\/wp-json\/wp\/v2\/media\/18747"}],"wp:attachment":[{"href":"https:\/\/www.ciudadrodrigo.es\/ayuntamiento\/wp-json\/wp\/v2\/media?parent=18746"}],"wp:term":[{"taxonomy":"category","embeddable":true,"href":"https:\/\/www.ciudadrodrigo.es\/ayuntamiento\/wp-json\/wp\/v2\/categories?post=18746"},{"taxonomy":"post_tag","embeddable":true,"href":"https:\/\/www.ciudadrodrigo.es\/ayuntamiento\/wp-json\/wp\/v2\/tags?post=18746"}],"curies":[{"name":"wp","href":"https:\/\/api.w.org\/{rel}","templated":true}]}}