{"id":18935,"date":"2025-03-06T14:53:26","date_gmt":"2025-03-06T13:53:26","guid":{"rendered":"https:\/\/www.ciudadrodrigo.es\/ayuntamiento\/?p=18935"},"modified":"2025-03-06T14:53:26","modified_gmt":"2025-03-06T13:53:26","slug":"homenaje-a-las-mujeres-en-el-dia-de-la-mujer","status":"publish","type":"post","link":"https:\/\/www.ciudadrodrigo.es\/ayuntamiento\/homenaje-a-las-mujeres-en-el-dia-de-la-mujer\/","title":{"rendered":"Homenaje a las mujeres en el D\u00eda de la Mujer"},"content":{"rendered":"<p>El homenaje a las Mujeres por el 8M D\u00eda del Mujer del Movimiento Ciudadano por la Igualdad y contra la Violencia se adelanta a ma\u00f1ana viernes, d\u00eda 7, y se traslada al entorno del IES Fray Diego y Colegio Mir\u00f3briga.<\/p>\n","protected":false},"excerpt":{"rendered":"<p>El homenaje a las Mujeres por el 8M D\u00eda del Mujer del Movimiento Ciudadano por la Igualdad y contra la Violencia se adelanta a ma\u00f1ana viernes, d\u00eda 7, y se traslada al entorno del IES Fray Diego y Colegio Mir\u00f3briga.<\/p>\n","protected":false},"author":11,"featured_media":18936,"comment_status":"closed","ping_status":"closed","sticky":false,"template":"","format":"standard","meta":{"footnotes":""},"categories":[141,147,378],"tags":[],"class_list":["post-18935","post","type-post","status-publish","format-standard","has-post-thumbnail","hentry","category-actualidad","category-destacados","category-igualdad"],"_links":{"self":[{"href":"https:\/\/www.ciudadrodrigo.es\/ayuntamiento\/wp-json\/wp\/v2\/posts\/18935","targetHints":{"allow":["GET"]}}],"collection":[{"href":"https:\/\/www.ciudadrodrigo.es\/ayuntamiento\/wp-json\/wp\/v2\/posts"}],"about":[{"href":"https:\/\/www.ciudadrodrigo.es\/ayuntamiento\/wp-json\/wp\/v2\/types\/post"}],"author":[{"embeddable":true,"href":"https:\/\/www.ciudadrodrigo.es\/ayuntamiento\/wp-json\/wp\/v2\/users\/11"}],"replies":[{"embeddable":true,"href":"https:\/\/www.ciudadrodrigo.es\/ayuntamiento\/wp-json\/wp\/v2\/comments?post=18935"}],"version-history":[{"count":1,"href":"https:\/\/www.ciudadrodrigo.es\/ayuntamiento\/wp-json\/wp\/v2\/posts\/18935\/revisions"}],"predecessor-version":[{"id":18937,"href":"https:\/\/www.ciudadrodrigo.es\/ayuntamiento\/wp-json\/wp\/v2\/posts\/18935\/revisions\/18937"}],"wp:featuredmedia":[{"embeddable":true,"href":"https:\/\/www.ciudadrodrigo.es\/ayuntamiento\/wp-json\/wp\/v2\/media\/18936"}],"wp:attachment":[{"href":"https:\/\/www.ciudadrodrigo.es\/ayuntamiento\/wp-json\/wp\/v2\/media?parent=18935"}],"wp:term":[{"taxonomy":"category","embeddable":true,"href":"https:\/\/www.ciudadrodrigo.es\/ayuntamiento\/wp-json\/wp\/v2\/categories?post=18935"},{"taxonomy":"post_tag","embeddable":true,"href":"https:\/\/www.ciudadrodrigo.es\/ayuntamiento\/wp-json\/wp\/v2\/tags?post=18935"}],"curies":[{"name":"wp","href":"https:\/\/api.w.org\/{rel}","templated":true}]}}