{"id":19014,"date":"2025-03-17T11:43:27","date_gmt":"2025-03-17T10:43:27","guid":{"rendered":"https:\/\/www.ciudadrodrigo.es\/ayuntamiento\/?p=19014"},"modified":"2025-03-17T11:43:39","modified_gmt":"2025-03-17T10:43:39","slug":"segunda-edicion-certamen-de-bandas-toques-de-esperanza","status":"publish","type":"post","link":"https:\/\/www.ciudadrodrigo.es\/ayuntamiento\/segunda-edicion-certamen-de-bandas-toques-de-esperanza\/","title":{"rendered":"Segunda Edici\u00f3n Certamen de Bandas Toques de Esperanza"},"content":{"rendered":"<p>El Ayuntamiento de Ciudad Rodrigo de la mano de la delegada de Cultura, Bel\u00e9n Barco, acompa\u00f1ada de los representantes de la banda CCTT Esperanza de Ciudad Rodrigo, Cristian Gonz\u00e1lez, Laura Martin y Aaron Gonz\u00e1lez, han presentado la Segunda Edici\u00f3n del Certamen de Bandas Toques de Esperanza. Este a\u00f1o se ha considerado incluirlo dentro de la programaci\u00f3n del 125 aniversario del Teatro Nuevo \u00abFernando Arrabal\u00bb.<\/p>\n<p><img loading=\"lazy\" decoding=\"async\" class=\"size-medium wp-image-19016 alignright\" src=\"https:\/\/www.ciudadrodrigo.es\/ayuntamiento\/wp-content\/uploads\/2025\/03\/Cartel-Encuentro-Bandas-30-03-25-212x300.jpeg\" alt=\"\" width=\"212\" height=\"300\" srcset=\"https:\/\/www.ciudadrodrigo.es\/ayuntamiento\/wp-content\/uploads\/2025\/03\/Cartel-Encuentro-Bandas-30-03-25-212x300.jpeg 212w, https:\/\/www.ciudadrodrigo.es\/ayuntamiento\/wp-content\/uploads\/2025\/03\/Cartel-Encuentro-Bandas-30-03-25-724x1024.jpeg 724w, https:\/\/www.ciudadrodrigo.es\/ayuntamiento\/wp-content\/uploads\/2025\/03\/Cartel-Encuentro-Bandas-30-03-25-768x1086.jpeg 768w, https:\/\/www.ciudadrodrigo.es\/ayuntamiento\/wp-content\/uploads\/2025\/03\/Cartel-Encuentro-Bandas-30-03-25-1086x1536.jpeg 1086w, https:\/\/www.ciudadrodrigo.es\/ayuntamiento\/wp-content\/uploads\/2025\/03\/Cartel-Encuentro-Bandas-30-03-25-800x1132.jpeg 800w, https:\/\/www.ciudadrodrigo.es\/ayuntamiento\/wp-content\/uploads\/2025\/03\/Cartel-Encuentro-Bandas-30-03-25-650x920.jpeg 650w, https:\/\/www.ciudadrodrigo.es\/ayuntamiento\/wp-content\/uploads\/2025\/03\/Cartel-Encuentro-Bandas-30-03-25-440x622.jpeg 440w, https:\/\/www.ciudadrodrigo.es\/ayuntamiento\/wp-content\/uploads\/2025\/03\/Cartel-Encuentro-Bandas-30-03-25.jpeg 1131w\" sizes=\"auto, (max-width: 212px) 100vw, 212px\" \/><\/p>\n<p>El certamen se llevar\u00e1 a cabo el domingo 30 de marzo a las 17:00 h con entrada libre hasta completar aforo. Contar\u00e1 con la participaci\u00f3n de:<\/p>\n<p>&#8211; La banda de Cornetas y Tambores \u00abEsperanza\u00bb,\u00a0 de Ciudad Rodrigo,<\/p>\n<p>&#8211; La banda de Cornetas y Tambores \u00abPureza\u00bb,\u00a0 de Valladolid.<\/p>\n<p>&#8211; La Agrupaci\u00f3n Musical \u00abLa Esperanza\u00bb, de Salamanca.<\/p>\n<p>&#8211; La Agrupaci\u00f3n Musical \u00abLa Expiraci\u00f3n\u00bb, de Salamanca.<\/p>\n<p>&#8211; La banda de Cornetas y Tambores \u00abJes\u00fas Amigo de los Ni\u00f1os\u00bb, de Ciudad Rodrigo.<\/p>\n<p>Previamente, las bandas participantes realizar\u00e1n un pasacalles previo a las 16:30 horas.<\/p>\n","protected":false},"excerpt":{"rendered":"<p>El Ayuntamiento de Ciudad Rodrigo de la mano de la delegada de Cultura, Bel\u00e9n Barco, acompa\u00f1ada de los representantes de la banda CCTT Esperanza de Ciudad Rodrigo, Cristian Gonz\u00e1lez, Laura Martin y Aaron Gonz\u00e1lez, han presentado la Segunda Edici\u00f3n del Certamen de Bandas Toques de Esperanza. Este a\u00f1o se ha considerado incluirlo dentro de la [&hellip;]<\/p>\n","protected":false},"author":1,"featured_media":19015,"comment_status":"closed","ping_status":"closed","sticky":false,"template":"","format":"standard","meta":{"footnotes":""},"categories":[141,368,147],"tags":[],"class_list":["post-19014","post","type-post","status-publish","format-standard","has-post-thumbnail","hentry","category-actualidad","category-cultura","category-destacados"],"_links":{"self":[{"href":"https:\/\/www.ciudadrodrigo.es\/ayuntamiento\/wp-json\/wp\/v2\/posts\/19014","targetHints":{"allow":["GET"]}}],"collection":[{"href":"https:\/\/www.ciudadrodrigo.es\/ayuntamiento\/wp-json\/wp\/v2\/posts"}],"about":[{"href":"https:\/\/www.ciudadrodrigo.es\/ayuntamiento\/wp-json\/wp\/v2\/types\/post"}],"author":[{"embeddable":true,"href":"https:\/\/www.ciudadrodrigo.es\/ayuntamiento\/wp-json\/wp\/v2\/users\/1"}],"replies":[{"embeddable":true,"href":"https:\/\/www.ciudadrodrigo.es\/ayuntamiento\/wp-json\/wp\/v2\/comments?post=19014"}],"version-history":[{"count":3,"href":"https:\/\/www.ciudadrodrigo.es\/ayuntamiento\/wp-json\/wp\/v2\/posts\/19014\/revisions"}],"predecessor-version":[{"id":19022,"href":"https:\/\/www.ciudadrodrigo.es\/ayuntamiento\/wp-json\/wp\/v2\/posts\/19014\/revisions\/19022"}],"wp:featuredmedia":[{"embeddable":true,"href":"https:\/\/www.ciudadrodrigo.es\/ayuntamiento\/wp-json\/wp\/v2\/media\/19015"}],"wp:attachment":[{"href":"https:\/\/www.ciudadrodrigo.es\/ayuntamiento\/wp-json\/wp\/v2\/media?parent=19014"}],"wp:term":[{"taxonomy":"category","embeddable":true,"href":"https:\/\/www.ciudadrodrigo.es\/ayuntamiento\/wp-json\/wp\/v2\/categories?post=19014"},{"taxonomy":"post_tag","embeddable":true,"href":"https:\/\/www.ciudadrodrigo.es\/ayuntamiento\/wp-json\/wp\/v2\/tags?post=19014"}],"curies":[{"name":"wp","href":"https:\/\/api.w.org\/{rel}","templated":true}]}}