{"id":19107,"date":"2025-03-25T12:11:27","date_gmt":"2025-03-25T11:11:27","guid":{"rendered":"https:\/\/www.ciudadrodrigo.es\/ayuntamiento\/?p=19107"},"modified":"2025-03-25T12:19:42","modified_gmt":"2025-03-25T11:19:42","slug":"nuevo-poemario-de-millan-cruz-hernandez","status":"publish","type":"post","link":"https:\/\/www.ciudadrodrigo.es\/ayuntamiento\/nuevo-poemario-de-millan-cruz-hernandez\/","title":{"rendered":"Nuevo Poemario de Mill\u00e1n Cruz Hern\u00e1ndez"},"content":{"rendered":"<p>El Ayuntamiento de Ciudad Rodrigo junto con el autor Mill\u00e1n Cruz Hern\u00e1ndez presentan su nueva obra literaria, \u201cEl Eco de las Horas\u201d. El acto se llevar\u00e1 a cabo el 27 de marzo a las 19:00 horas en La Casa de la Cultura.<\/p>\n<p>Es un escritor salmantino (La Encina) afincado en Ciudad Rodrigo. Ganador del I y II Cert\u00e1menes El Bardal en los a\u00f1os 2023 y 2024. Finalista en los cert\u00e1menes de Certamen Sierra de Francia (2022), Certamen Euphoria (2023) y el Certamen de Tudela (2023). Adem\u00e1s, fue Acc\u00e9sit en el Certamen Sierra de Francia 2023.<\/p>\n<p>Ha realizado colaboraciones en la Antolog\u00eda \u201cEnven\u00e9name los labios\u201d y en la Antolog\u00eda de poes\u00eda Hispano Americana: \u201c&#8230;Y lo dem\u00e1s es Silencio\u201d.<\/p>\n<p>Adem\u00e1s, de varias publicaciones en Letralia, Diversidad Literaria, Chiado Books, Aliar, gAZETA, etc.<\/p>\n","protected":false},"excerpt":{"rendered":"<p>El Ayuntamiento de Ciudad Rodrigo junto con el autor Mill\u00e1n Cruz Hern\u00e1ndez presentan su nueva obra literaria, \u201cEl Eco de las Horas\u201d. El acto se llevar\u00e1 a cabo el 27 de marzo a las 19:00 horas en La Casa de la Cultura. Es un escritor salmantino (La Encina) afincado en Ciudad Rodrigo. Ganador del I [&hellip;]<\/p>\n","protected":false},"author":1,"featured_media":19108,"comment_status":"closed","ping_status":"closed","sticky":false,"template":"","format":"standard","meta":{"footnotes":""},"categories":[141,368,147],"tags":[],"class_list":["post-19107","post","type-post","status-publish","format-standard","has-post-thumbnail","hentry","category-actualidad","category-cultura","category-destacados"],"_links":{"self":[{"href":"https:\/\/www.ciudadrodrigo.es\/ayuntamiento\/wp-json\/wp\/v2\/posts\/19107","targetHints":{"allow":["GET"]}}],"collection":[{"href":"https:\/\/www.ciudadrodrigo.es\/ayuntamiento\/wp-json\/wp\/v2\/posts"}],"about":[{"href":"https:\/\/www.ciudadrodrigo.es\/ayuntamiento\/wp-json\/wp\/v2\/types\/post"}],"author":[{"embeddable":true,"href":"https:\/\/www.ciudadrodrigo.es\/ayuntamiento\/wp-json\/wp\/v2\/users\/1"}],"replies":[{"embeddable":true,"href":"https:\/\/www.ciudadrodrigo.es\/ayuntamiento\/wp-json\/wp\/v2\/comments?post=19107"}],"version-history":[{"count":1,"href":"https:\/\/www.ciudadrodrigo.es\/ayuntamiento\/wp-json\/wp\/v2\/posts\/19107\/revisions"}],"predecessor-version":[{"id":19109,"href":"https:\/\/www.ciudadrodrigo.es\/ayuntamiento\/wp-json\/wp\/v2\/posts\/19107\/revisions\/19109"}],"wp:featuredmedia":[{"embeddable":true,"href":"https:\/\/www.ciudadrodrigo.es\/ayuntamiento\/wp-json\/wp\/v2\/media\/19108"}],"wp:attachment":[{"href":"https:\/\/www.ciudadrodrigo.es\/ayuntamiento\/wp-json\/wp\/v2\/media?parent=19107"}],"wp:term":[{"taxonomy":"category","embeddable":true,"href":"https:\/\/www.ciudadrodrigo.es\/ayuntamiento\/wp-json\/wp\/v2\/categories?post=19107"},{"taxonomy":"post_tag","embeddable":true,"href":"https:\/\/www.ciudadrodrigo.es\/ayuntamiento\/wp-json\/wp\/v2\/tags?post=19107"}],"curies":[{"name":"wp","href":"https:\/\/api.w.org\/{rel}","templated":true}]}}