{"id":19208,"date":"2025-04-07T12:11:41","date_gmt":"2025-04-07T10:11:41","guid":{"rendered":"https:\/\/www.ciudadrodrigo.es\/ayuntamiento\/?p=19208"},"modified":"2025-04-07T12:11:41","modified_gmt":"2025-04-07T10:11:41","slug":"ciudad-rodrigo-abre-la-inscripcion-para-el-vi-duatlon-cross","status":"publish","type":"post","link":"https:\/\/www.ciudadrodrigo.es\/ayuntamiento\/ciudad-rodrigo-abre-la-inscripcion-para-el-vi-duatlon-cross\/","title":{"rendered":"Ciudad Rodrigo abre la inscripci\u00f3n para el VI Duatl\u00f3n Cross"},"content":{"rendered":"<p><img loading=\"lazy\" decoding=\"async\" class=\"size-medium wp-image-19210 alignright\" src=\"https:\/\/www.ciudadrodrigo.es\/ayuntamiento\/wp-content\/uploads\/2025\/04\/Cartel-VI-Duatlon-Cross-Ciudad-Rodrigo-10-05-25-212x300.jpeg\" alt=\"\" width=\"212\" height=\"300\" srcset=\"https:\/\/www.ciudadrodrigo.es\/ayuntamiento\/wp-content\/uploads\/2025\/04\/Cartel-VI-Duatlon-Cross-Ciudad-Rodrigo-10-05-25-212x300.jpeg 212w, https:\/\/www.ciudadrodrigo.es\/ayuntamiento\/wp-content\/uploads\/2025\/04\/Cartel-VI-Duatlon-Cross-Ciudad-Rodrigo-10-05-25-724x1024.jpeg 724w, https:\/\/www.ciudadrodrigo.es\/ayuntamiento\/wp-content\/uploads\/2025\/04\/Cartel-VI-Duatlon-Cross-Ciudad-Rodrigo-10-05-25-768x1086.jpeg 768w, https:\/\/www.ciudadrodrigo.es\/ayuntamiento\/wp-content\/uploads\/2025\/04\/Cartel-VI-Duatlon-Cross-Ciudad-Rodrigo-10-05-25-1086x1536.jpeg 1086w, https:\/\/www.ciudadrodrigo.es\/ayuntamiento\/wp-content\/uploads\/2025\/04\/Cartel-VI-Duatlon-Cross-Ciudad-Rodrigo-10-05-25-1180x1669.jpeg 1180w, https:\/\/www.ciudadrodrigo.es\/ayuntamiento\/wp-content\/uploads\/2025\/04\/Cartel-VI-Duatlon-Cross-Ciudad-Rodrigo-10-05-25-800x1131.jpeg 800w, https:\/\/www.ciudadrodrigo.es\/ayuntamiento\/wp-content\/uploads\/2025\/04\/Cartel-VI-Duatlon-Cross-Ciudad-Rodrigo-10-05-25-650x919.jpeg 650w, https:\/\/www.ciudadrodrigo.es\/ayuntamiento\/wp-content\/uploads\/2025\/04\/Cartel-VI-Duatlon-Cross-Ciudad-Rodrigo-10-05-25-440x622.jpeg 440w, https:\/\/www.ciudadrodrigo.es\/ayuntamiento\/wp-content\/uploads\/2025\/04\/Cartel-VI-Duatlon-Cross-Ciudad-Rodrigo-10-05-25.jpeg 1448w\" sizes=\"auto, (max-width: 212px) 100vw, 212px\" \/><\/p>\n<p>El delegado municipal de Deportes, V\u00edctor G\u00f3mez, junto a los responsables de Orycronsport, Estela L\u00f3pez y Juan Carlos Fuentes, han presentado la sexta edici\u00f3n del Duatl\u00f3n Cross de Ciudad Rodrigo que se disputar\u00e1 el d\u00eda 10 del pr\u00f3ximo mes de mayo a las 17:00 horas, organizado por el Ayuntamiento de Ciudad Rodrigo.<\/p>\n<p>Las inscripciones se podr\u00e1n realizar hasta el d\u00eda 4 de mayo para una prueba que se desarrollar\u00e1 con dos tramos de carrera a pie de 4 y 2 kil\u00f3metros en el entorno del parque de La Glorieta de Ciudad Rodrigo y 23,7 kil\u00f3metros en bicicleta hasta la Sierra de Camaces.<\/p>\n<p>A las 18:30 horas se disputar\u00e1n las categor\u00edas menores.<\/p>\n<p>Inscripciones en el siguiente enlace: <a href=\"https:\/\/www.orycronsport.com\/competiciones\/31721\">https:\/\/www.orycronsport.com\/competiciones\/31721<\/a><\/p>\n","protected":false},"excerpt":{"rendered":"<p>El delegado municipal de Deportes, V\u00edctor G\u00f3mez, junto a los responsables de Orycronsport, Estela L\u00f3pez y Juan Carlos Fuentes, han presentado la sexta edici\u00f3n del Duatl\u00f3n Cross de Ciudad Rodrigo que se disputar\u00e1 el d\u00eda 10 del pr\u00f3ximo mes de mayo a las 17:00 horas, organizado por el Ayuntamiento de Ciudad Rodrigo. Las inscripciones se [&hellip;]<\/p>\n","protected":false},"author":11,"featured_media":19209,"comment_status":"closed","ping_status":"closed","sticky":false,"template":"","format":"standard","meta":{"footnotes":""},"categories":[141,204,147],"tags":[],"class_list":["post-19208","post","type-post","status-publish","format-standard","has-post-thumbnail","hentry","category-actualidad","category-deportes","category-destacados"],"_links":{"self":[{"href":"https:\/\/www.ciudadrodrigo.es\/ayuntamiento\/wp-json\/wp\/v2\/posts\/19208","targetHints":{"allow":["GET"]}}],"collection":[{"href":"https:\/\/www.ciudadrodrigo.es\/ayuntamiento\/wp-json\/wp\/v2\/posts"}],"about":[{"href":"https:\/\/www.ciudadrodrigo.es\/ayuntamiento\/wp-json\/wp\/v2\/types\/post"}],"author":[{"embeddable":true,"href":"https:\/\/www.ciudadrodrigo.es\/ayuntamiento\/wp-json\/wp\/v2\/users\/11"}],"replies":[{"embeddable":true,"href":"https:\/\/www.ciudadrodrigo.es\/ayuntamiento\/wp-json\/wp\/v2\/comments?post=19208"}],"version-history":[{"count":4,"href":"https:\/\/www.ciudadrodrigo.es\/ayuntamiento\/wp-json\/wp\/v2\/posts\/19208\/revisions"}],"predecessor-version":[{"id":19237,"href":"https:\/\/www.ciudadrodrigo.es\/ayuntamiento\/wp-json\/wp\/v2\/posts\/19208\/revisions\/19237"}],"wp:featuredmedia":[{"embeddable":true,"href":"https:\/\/www.ciudadrodrigo.es\/ayuntamiento\/wp-json\/wp\/v2\/media\/19209"}],"wp:attachment":[{"href":"https:\/\/www.ciudadrodrigo.es\/ayuntamiento\/wp-json\/wp\/v2\/media?parent=19208"}],"wp:term":[{"taxonomy":"category","embeddable":true,"href":"https:\/\/www.ciudadrodrigo.es\/ayuntamiento\/wp-json\/wp\/v2\/categories?post=19208"},{"taxonomy":"post_tag","embeddable":true,"href":"https:\/\/www.ciudadrodrigo.es\/ayuntamiento\/wp-json\/wp\/v2\/tags?post=19208"}],"curies":[{"name":"wp","href":"https:\/\/api.w.org\/{rel}","templated":true}]}}