{"id":19322,"date":"2025-04-21T13:14:57","date_gmt":"2025-04-21T11:14:57","guid":{"rendered":"https:\/\/www.ciudadrodrigo.es\/ayuntamiento\/?p=19322"},"modified":"2025-08-07T08:40:45","modified_gmt":"2025-08-07T06:40:45","slug":"nuevo-libro-de-maria-natividad-cabezas-garcia","status":"publish","type":"post","link":"https:\/\/www.ciudadrodrigo.es\/ayuntamiento\/nuevo-libro-de-maria-natividad-cabezas-garcia\/","title":{"rendered":"Nuevo Libro de Mar\u00eda Natividad Cabezas Garc\u00eda"},"content":{"rendered":"<p>La autora Mar\u00eda Natividad Cabezas Garc\u00eda presenta su nueva obra literaria, \u201cUn Regalo Bajo El Burka\u201d. El acto se producir\u00e1 el 22 de abril a las 19:00 horas en La Casa de la Cultura.<\/p>\n<p>Es una escritora salmantina que es (Villares de la Reina) profesora de carrera en cinco especialidades y psicopedagoga. Ha escrito y publicado tambi\u00e9n las obras: \u201cPap\u00e1 mam\u00e1, D\u00f3nde est\u00e1 mi pijama; \u201cUn viaje para dos\u201d; \u201cMi fibromialgia y yo\u201d; \u201cLa familia Reciclin\u201d; \u201cDe lo cotidiano a lo emocional\u201d y \u201cEl p\u00e1jaro que vol\u00f3 del nido y el perfume de una flor marchitada\u201d.<\/p>\n<p>Ha realizado colaboraciones con diferentes medios de comunicaci\u00f3n como Cope Ciudad Rodrigo: programa Escuela de padres y Radio Pe\u00f1aranda, programa En tus manos. Adem\u00e1s de art\u00edculos de opini\u00f3n en: La Cr\u00f3nica de Salamanca y Salamanca rtv al d\u00eda.<br \/>\nAs\u00ed mismo, ha impartido numerosas conferencias educativas sobre educaci\u00f3n a nivel nacional e internacional.<\/p>\n","protected":false},"excerpt":{"rendered":"<p>La autora Mar\u00eda Natividad Cabezas Garc\u00eda presenta su nueva obra literaria, \u201cUn Regalo Bajo El Burka\u201d. El acto se producir\u00e1 el 22 de abril a las 19:00 horas en La Casa de la Cultura. Es una escritora salmantina que es (Villares de la Reina) profesora de carrera en cinco especialidades y psicopedagoga. Ha escrito y [&hellip;]<\/p>\n","protected":false},"author":1,"featured_media":19323,"comment_status":"closed","ping_status":"closed","sticky":false,"template":"","format":"standard","meta":{"footnotes":""},"categories":[141,368,147],"tags":[],"class_list":["post-19322","post","type-post","status-publish","format-standard","has-post-thumbnail","hentry","category-actualidad","category-cultura","category-destacados"],"_links":{"self":[{"href":"https:\/\/www.ciudadrodrigo.es\/ayuntamiento\/wp-json\/wp\/v2\/posts\/19322","targetHints":{"allow":["GET"]}}],"collection":[{"href":"https:\/\/www.ciudadrodrigo.es\/ayuntamiento\/wp-json\/wp\/v2\/posts"}],"about":[{"href":"https:\/\/www.ciudadrodrigo.es\/ayuntamiento\/wp-json\/wp\/v2\/types\/post"}],"author":[{"embeddable":true,"href":"https:\/\/www.ciudadrodrigo.es\/ayuntamiento\/wp-json\/wp\/v2\/users\/1"}],"replies":[{"embeddable":true,"href":"https:\/\/www.ciudadrodrigo.es\/ayuntamiento\/wp-json\/wp\/v2\/comments?post=19322"}],"version-history":[{"count":3,"href":"https:\/\/www.ciudadrodrigo.es\/ayuntamiento\/wp-json\/wp\/v2\/posts\/19322\/revisions"}],"predecessor-version":[{"id":19337,"href":"https:\/\/www.ciudadrodrigo.es\/ayuntamiento\/wp-json\/wp\/v2\/posts\/19322\/revisions\/19337"}],"wp:featuredmedia":[{"embeddable":true,"href":"https:\/\/www.ciudadrodrigo.es\/ayuntamiento\/wp-json\/wp\/v2\/media\/19323"}],"wp:attachment":[{"href":"https:\/\/www.ciudadrodrigo.es\/ayuntamiento\/wp-json\/wp\/v2\/media?parent=19322"}],"wp:term":[{"taxonomy":"category","embeddable":true,"href":"https:\/\/www.ciudadrodrigo.es\/ayuntamiento\/wp-json\/wp\/v2\/categories?post=19322"},{"taxonomy":"post_tag","embeddable":true,"href":"https:\/\/www.ciudadrodrigo.es\/ayuntamiento\/wp-json\/wp\/v2\/tags?post=19322"}],"curies":[{"name":"wp","href":"https:\/\/api.w.org\/{rel}","templated":true}]}}