{"id":19389,"date":"2025-04-29T13:12:59","date_gmt":"2025-04-29T11:12:59","guid":{"rendered":"https:\/\/www.ciudadrodrigo.es\/ayuntamiento\/?p=19389"},"modified":"2025-04-29T13:12:59","modified_gmt":"2025-04-29T11:12:59","slug":"visita-estudiantil-al-teatro-nuevo-fernando-arrabal","status":"publish","type":"post","link":"https:\/\/www.ciudadrodrigo.es\/ayuntamiento\/visita-estudiantil-al-teatro-nuevo-fernando-arrabal\/","title":{"rendered":"Visita estudiantil al Teatro Nuevo \u201cFernando Arrabal\u201d"},"content":{"rendered":"<p>El Ayuntamiento de Ciudad Rodrigo, colaborando con C\u00edvitas Animaci\u00f3n Teatral, ha organizado una visita para los ni\u00f1os de 1\u00ba de Primaria de los colegios: Colegio P\u00fablico Mir\u00f3briga, CEIP San Francisco, y el Centro de las Misioneras de la Providencia con motivo del 125 aniversario del Teatro Nuevo \u201cFernando Arrabal\u201d.<\/p>\n","protected":false},"excerpt":{"rendered":"<p>El Ayuntamiento de Ciudad Rodrigo, colaborando con C\u00edvitas Animaci\u00f3n Teatral, ha organizado una visita para los ni\u00f1os de 1\u00ba de Primaria de los colegios: Colegio P\u00fablico Mir\u00f3briga, CEIP San Francisco, y el Centro de las Misioneras de la Providencia con motivo del 125 aniversario del Teatro Nuevo \u201cFernando Arrabal\u201d.<\/p>\n","protected":false},"author":1,"featured_media":19412,"comment_status":"closed","ping_status":"closed","sticky":false,"template":"","format":"standard","meta":{"footnotes":""},"categories":[379,141,368,147],"tags":[],"class_list":["post-19389","post","type-post","status-publish","format-standard","has-post-thumbnail","hentry","category-125-anos-teatro-nuevo-fernando-arrabal","category-actualidad","category-cultura","category-destacados"],"_links":{"self":[{"href":"https:\/\/www.ciudadrodrigo.es\/ayuntamiento\/wp-json\/wp\/v2\/posts\/19389","targetHints":{"allow":["GET"]}}],"collection":[{"href":"https:\/\/www.ciudadrodrigo.es\/ayuntamiento\/wp-json\/wp\/v2\/posts"}],"about":[{"href":"https:\/\/www.ciudadrodrigo.es\/ayuntamiento\/wp-json\/wp\/v2\/types\/post"}],"author":[{"embeddable":true,"href":"https:\/\/www.ciudadrodrigo.es\/ayuntamiento\/wp-json\/wp\/v2\/users\/1"}],"replies":[{"embeddable":true,"href":"https:\/\/www.ciudadrodrigo.es\/ayuntamiento\/wp-json\/wp\/v2\/comments?post=19389"}],"version-history":[{"count":1,"href":"https:\/\/www.ciudadrodrigo.es\/ayuntamiento\/wp-json\/wp\/v2\/posts\/19389\/revisions"}],"predecessor-version":[{"id":19415,"href":"https:\/\/www.ciudadrodrigo.es\/ayuntamiento\/wp-json\/wp\/v2\/posts\/19389\/revisions\/19415"}],"wp:featuredmedia":[{"embeddable":true,"href":"https:\/\/www.ciudadrodrigo.es\/ayuntamiento\/wp-json\/wp\/v2\/media\/19412"}],"wp:attachment":[{"href":"https:\/\/www.ciudadrodrigo.es\/ayuntamiento\/wp-json\/wp\/v2\/media?parent=19389"}],"wp:term":[{"taxonomy":"category","embeddable":true,"href":"https:\/\/www.ciudadrodrigo.es\/ayuntamiento\/wp-json\/wp\/v2\/categories?post=19389"},{"taxonomy":"post_tag","embeddable":true,"href":"https:\/\/www.ciudadrodrigo.es\/ayuntamiento\/wp-json\/wp\/v2\/tags?post=19389"}],"curies":[{"name":"wp","href":"https:\/\/api.w.org\/{rel}","templated":true}]}}