{"id":19462,"date":"2025-05-02T12:56:20","date_gmt":"2025-05-02T10:56:20","guid":{"rendered":"https:\/\/www.ciudadrodrigo.es\/ayuntamiento\/?p=19462"},"modified":"2025-05-02T12:56:20","modified_gmt":"2025-05-02T10:56:20","slug":"gala-del-125-aniversario-del-teatro-nuevo-fernando-arrabal","status":"publish","type":"post","link":"https:\/\/www.ciudadrodrigo.es\/ayuntamiento\/gala-del-125-aniversario-del-teatro-nuevo-fernando-arrabal\/","title":{"rendered":"Gala del 125 aniversario del Teatro Nuevo \u00abFernando Arrabal\u00bb"},"content":{"rendered":"<p>El alcalde mirobrigense, Marcos Iglesias, junto con la delegada de Cultura, Bel\u00e9n Barco, y el director de la cita, Sergio Cardoso, han presentado la que ser\u00e1 la Gala de Conmemoraci\u00f3n de los 125 a\u00f1os del Teatro Nuevo \u201cFernando Arrabal\u201d de Ciudad Rodrigo.<img loading=\"lazy\" decoding=\"async\" class=\"size-medium wp-image-19464 alignright\" src=\"https:\/\/www.ciudadrodrigo.es\/ayuntamiento\/wp-content\/uploads\/2025\/05\/Cartel-Gala-125-anos-Teatro-10-05-25-212x300.jpg\" alt=\"\" width=\"212\" height=\"300\" srcset=\"https:\/\/www.ciudadrodrigo.es\/ayuntamiento\/wp-content\/uploads\/2025\/05\/Cartel-Gala-125-anos-Teatro-10-05-25-212x300.jpg 212w, https:\/\/www.ciudadrodrigo.es\/ayuntamiento\/wp-content\/uploads\/2025\/05\/Cartel-Gala-125-anos-Teatro-10-05-25-724x1024.jpg 724w, https:\/\/www.ciudadrodrigo.es\/ayuntamiento\/wp-content\/uploads\/2025\/05\/Cartel-Gala-125-anos-Teatro-10-05-25-768x1086.jpg 768w, https:\/\/www.ciudadrodrigo.es\/ayuntamiento\/wp-content\/uploads\/2025\/05\/Cartel-Gala-125-anos-Teatro-10-05-25-1086x1536.jpg 1086w, https:\/\/www.ciudadrodrigo.es\/ayuntamiento\/wp-content\/uploads\/2025\/05\/Cartel-Gala-125-anos-Teatro-10-05-25-1449x2048.jpg 1449w, https:\/\/www.ciudadrodrigo.es\/ayuntamiento\/wp-content\/uploads\/2025\/05\/Cartel-Gala-125-anos-Teatro-10-05-25-1180x1668.jpg 1180w, https:\/\/www.ciudadrodrigo.es\/ayuntamiento\/wp-content\/uploads\/2025\/05\/Cartel-Gala-125-anos-Teatro-10-05-25-800x1131.jpg 800w, https:\/\/www.ciudadrodrigo.es\/ayuntamiento\/wp-content\/uploads\/2025\/05\/Cartel-Gala-125-anos-Teatro-10-05-25-650x919.jpg 650w, https:\/\/www.ciudadrodrigo.es\/ayuntamiento\/wp-content\/uploads\/2025\/05\/Cartel-Gala-125-anos-Teatro-10-05-25-440x622.jpg 440w, https:\/\/www.ciudadrodrigo.es\/ayuntamiento\/wp-content\/uploads\/2025\/05\/Cartel-Gala-125-anos-Teatro-10-05-25-scaled.jpg 1811w\" sizes=\"auto, (max-width: 212px) 100vw, 212px\" \/><\/p>\n<p>Una gala que se celebrar\u00e1 el pr\u00f3ximo d\u00eda 10, s\u00e1bado, a partir de las 20:00 horas con entrada libre y gratuita hasta completar el aforo disponible en el Teatro Nuevo \u201cFernando Arrabal\u201d conmemorando aquella inauguraci\u00f3n originaria del d\u00eda 22 de mayo de 1900.<\/p>\n<p>Sergio Cardoso ha explicado el programa de la gala de los 125 a\u00f1os del Teatro Nuevo que contar\u00e1 con tres grandes bloques en los que estar\u00e1n presentes sobre el escenario los distintos sectores implicados en esta ya larga historia: la instituci\u00f3n, los t\u00e9cnicos y los actores, adem\u00e1s de la m\u00fasica y, por supuesto, el gran dramaturgo que le da nombre, Fernando Arrabal, aunque su participaci\u00f3n en esta ocasi\u00f3n no podr\u00e1 ser presencial.<\/p>\n<p>&nbsp;<\/p>\n","protected":false},"excerpt":{"rendered":"<p>El alcalde mirobrigense, Marcos Iglesias, junto con la delegada de Cultura, Bel\u00e9n Barco, y el director de la cita, Sergio Cardoso, han presentado la que ser\u00e1 la Gala de Conmemoraci\u00f3n de los 125 a\u00f1os del Teatro Nuevo \u201cFernando Arrabal\u201d de Ciudad Rodrigo. Una gala que se celebrar\u00e1 el pr\u00f3ximo d\u00eda 10, s\u00e1bado, a partir de [&hellip;]<\/p>\n","protected":false},"author":11,"featured_media":19463,"comment_status":"closed","ping_status":"closed","sticky":false,"template":"","format":"standard","meta":{"footnotes":""},"categories":[379,141,368,147],"tags":[],"class_list":["post-19462","post","type-post","status-publish","format-standard","has-post-thumbnail","hentry","category-125-anos-teatro-nuevo-fernando-arrabal","category-actualidad","category-cultura","category-destacados"],"_links":{"self":[{"href":"https:\/\/www.ciudadrodrigo.es\/ayuntamiento\/wp-json\/wp\/v2\/posts\/19462","targetHints":{"allow":["GET"]}}],"collection":[{"href":"https:\/\/www.ciudadrodrigo.es\/ayuntamiento\/wp-json\/wp\/v2\/posts"}],"about":[{"href":"https:\/\/www.ciudadrodrigo.es\/ayuntamiento\/wp-json\/wp\/v2\/types\/post"}],"author":[{"embeddable":true,"href":"https:\/\/www.ciudadrodrigo.es\/ayuntamiento\/wp-json\/wp\/v2\/users\/11"}],"replies":[{"embeddable":true,"href":"https:\/\/www.ciudadrodrigo.es\/ayuntamiento\/wp-json\/wp\/v2\/comments?post=19462"}],"version-history":[{"count":1,"href":"https:\/\/www.ciudadrodrigo.es\/ayuntamiento\/wp-json\/wp\/v2\/posts\/19462\/revisions"}],"predecessor-version":[{"id":19465,"href":"https:\/\/www.ciudadrodrigo.es\/ayuntamiento\/wp-json\/wp\/v2\/posts\/19462\/revisions\/19465"}],"wp:featuredmedia":[{"embeddable":true,"href":"https:\/\/www.ciudadrodrigo.es\/ayuntamiento\/wp-json\/wp\/v2\/media\/19463"}],"wp:attachment":[{"href":"https:\/\/www.ciudadrodrigo.es\/ayuntamiento\/wp-json\/wp\/v2\/media?parent=19462"}],"wp:term":[{"taxonomy":"category","embeddable":true,"href":"https:\/\/www.ciudadrodrigo.es\/ayuntamiento\/wp-json\/wp\/v2\/categories?post=19462"},{"taxonomy":"post_tag","embeddable":true,"href":"https:\/\/www.ciudadrodrigo.es\/ayuntamiento\/wp-json\/wp\/v2\/tags?post=19462"}],"curies":[{"name":"wp","href":"https:\/\/api.w.org\/{rel}","templated":true}]}}