{"id":19575,"date":"2025-05-13T14:35:42","date_gmt":"2025-05-13T12:35:42","guid":{"rendered":"https:\/\/www.ciudadrodrigo.es\/ayuntamiento\/?p=19575"},"modified":"2025-05-13T14:35:42","modified_gmt":"2025-05-13T12:35:42","slug":"nuevo-folleto-informativo-del-museo-del-tamboril","status":"publish","type":"post","link":"https:\/\/www.ciudadrodrigo.es\/ayuntamiento\/nuevo-folleto-informativo-del-museo-del-tamboril\/","title":{"rendered":"Nuevo folleto informativo del Museo del Tamboril"},"content":{"rendered":"<p>Las delegadas de Cultura y Turismo y Educaci\u00f3n, Bel\u00e9n Barco y Paola Mart\u00edn Mu\u00f1oz, junto al folclorista mirobrigense y propietario de la colecci\u00f3n, Jos\u00e9 Ram\u00f3n Cid, han presentado el nuevo folleto del Museo del Tamborilero.<\/p>\n<p>El Museo del Tamborilero ofrece m\u00e1s de 500 piezas relacionadas con la m\u00fasica tradicional, incorpor\u00e1ndose hoy dos nuevos palos de bailes aportados por Jos\u00e9 Ram\u00f3n Cid, y se puede visitar en las dependencias del Seminario Diocesano, junto a la Catedral, de lunes a viernes 12:30h a 13:30h y de 17:30h a 18:15h y s\u00e1bados y domingos 12:30h a 13:45h y de 18:15h a 19:30h.<\/p>\n<p>&nbsp;<\/p>\n","protected":false},"excerpt":{"rendered":"<p>Las delegadas de Cultura y Turismo y Educaci\u00f3n, Bel\u00e9n Barco y Paola Mart\u00edn Mu\u00f1oz, junto al folclorista mirobrigense y propietario de la colecci\u00f3n, Jos\u00e9 Ram\u00f3n Cid, han presentado el nuevo folleto del Museo del Tamborilero. El Museo del Tamborilero ofrece m\u00e1s de 500 piezas relacionadas con la m\u00fasica tradicional, incorpor\u00e1ndose hoy dos nuevos palos de [&hellip;]<\/p>\n","protected":false},"author":11,"featured_media":19576,"comment_status":"closed","ping_status":"closed","sticky":false,"template":"","format":"standard","meta":{"footnotes":""},"categories":[141,368,147],"tags":[],"class_list":["post-19575","post","type-post","status-publish","format-standard","has-post-thumbnail","hentry","category-actualidad","category-cultura","category-destacados"],"_links":{"self":[{"href":"https:\/\/www.ciudadrodrigo.es\/ayuntamiento\/wp-json\/wp\/v2\/posts\/19575","targetHints":{"allow":["GET"]}}],"collection":[{"href":"https:\/\/www.ciudadrodrigo.es\/ayuntamiento\/wp-json\/wp\/v2\/posts"}],"about":[{"href":"https:\/\/www.ciudadrodrigo.es\/ayuntamiento\/wp-json\/wp\/v2\/types\/post"}],"author":[{"embeddable":true,"href":"https:\/\/www.ciudadrodrigo.es\/ayuntamiento\/wp-json\/wp\/v2\/users\/11"}],"replies":[{"embeddable":true,"href":"https:\/\/www.ciudadrodrigo.es\/ayuntamiento\/wp-json\/wp\/v2\/comments?post=19575"}],"version-history":[{"count":1,"href":"https:\/\/www.ciudadrodrigo.es\/ayuntamiento\/wp-json\/wp\/v2\/posts\/19575\/revisions"}],"predecessor-version":[{"id":19577,"href":"https:\/\/www.ciudadrodrigo.es\/ayuntamiento\/wp-json\/wp\/v2\/posts\/19575\/revisions\/19577"}],"wp:featuredmedia":[{"embeddable":true,"href":"https:\/\/www.ciudadrodrigo.es\/ayuntamiento\/wp-json\/wp\/v2\/media\/19576"}],"wp:attachment":[{"href":"https:\/\/www.ciudadrodrigo.es\/ayuntamiento\/wp-json\/wp\/v2\/media?parent=19575"}],"wp:term":[{"taxonomy":"category","embeddable":true,"href":"https:\/\/www.ciudadrodrigo.es\/ayuntamiento\/wp-json\/wp\/v2\/categories?post=19575"},{"taxonomy":"post_tag","embeddable":true,"href":"https:\/\/www.ciudadrodrigo.es\/ayuntamiento\/wp-json\/wp\/v2\/tags?post=19575"}],"curies":[{"name":"wp","href":"https:\/\/api.w.org\/{rel}","templated":true}]}}