{"id":19754,"date":"2025-06-09T14:30:58","date_gmt":"2025-06-09T12:30:58","guid":{"rendered":"https:\/\/www.ciudadrodrigo.es\/ayuntamiento\/?p=19754"},"modified":"2025-06-09T14:30:58","modified_gmt":"2025-06-09T12:30:58","slug":"actividades-infantiles-de-verano-en-la-florida","status":"publish","type":"post","link":"https:\/\/www.ciudadrodrigo.es\/ayuntamiento\/actividades-infantiles-de-verano-en-la-florida\/","title":{"rendered":"Actividades Infantiles de Verano en La Florida"},"content":{"rendered":"<p>La delegada de Infancia y Educaci\u00f3n, Paola Mart\u00edn Mu\u00f1oz, acompa\u00f1ada por los responsables de C\u00edvitas A.T., han presentado hoy las Actividades de Verano en el Parque de La Florida, destinadas a ni\u00f1os de entre 7 y 12 a\u00f1os para el pr\u00f3ximo mes de julio, dedicado al 125 aniversario del Teatro Nuevo \u201cFernando Arrabal\u201d de Ciudad Rodrigo.<\/p>\n<p>Para el desarrollo de las actividades gestionadas por C\u00edvitas se han planteado dos turnos, del 7 al 18 de julio y del 21 de julio al 1 de agosto, los lunes y mi\u00e9rcoles para ni\u00f1os de 4 a 6 a\u00f1os y martes y jueves para ni\u00f1os de 7 a 12 a\u00f1os, de 11:00 a 13:30 horas, que comenzar\u00e1n en el aguaducho del Parque de La Florida.<\/p>\n<p>Todas las ma\u00f1anas se organizan en tres espacios diferenciados, para que los ni\u00f1os roten y realicen en todas las actividades, que ser\u00e1n diferentes cada d\u00eda. Un espacio de talleres creativos, donde van a poder experimentar con diferentes materiales, un espacio de juegos de movimiento, para trabajar en equipo y un espacio de juego dram\u00e1tico, expresi\u00f3n corporal y juego simb\u00f3lico. La metodolog\u00eda estar\u00e1 adaptada a cada segmento de edad y las herramientas principales ser\u00e1n el juego y la participaci\u00f3n activa.<\/p>\n<p>Los viernes ser\u00e1 el d\u00eda de participaci\u00f3n de todos los ni\u00f1os inscritos, con la programaci\u00f3n de un espect\u00e1culo teatral de peque\u00f1o formato con una duraci\u00f3n aproximada de 1 hora, \u201cFlorida esc\u00e9nica\u201d que estar\u00e1 abierto a todos los mirobrigenses, contando los ni\u00f1os inscritos con una zona reservada para ellos as\u00ed como cuidado por monitor.<\/p>\n<p>Espect\u00e1culos \u201cFlorida Esc\u00e9nica\u201d:<\/p>\n<ul>\n<li>Viernes, 11 de julio: La Risa de la Tortuga, \u201cAll\u00e1 donde fueres\u201d. (narraci\u00f3n oral y m\u00fasica en directo)<\/li>\n<li>Viernes, 18 de julio: Popy Vegas, \u201cEl circo de los monstruos\u201d. (teatro y t\u00edteres)<\/li>\n<li>Viernes, 25 de julio: Teatro At\u00f3pico (Burgos), \u201cClaudio Cleaner Clown\u201d. (clown)<\/li>\n<li>Viernes, 1 de agosto: \u00d3scar Escalante (Mago, Valladolid), \u201cAbra\u2026 Cadabra\u201d<\/li>\n<\/ul>\n<p>Los interesados en participar pueden formalizar su inscripci\u00f3n entre los d\u00edas 12 al 30 de junio, con 72 plazas por turno y 25 euros por inscripci\u00f3n, a trav\u00e9s de la web municipal.<\/p>\n<p><img loading=\"lazy\" decoding=\"async\" class=\"alignnone size-medium wp-image-19756\" src=\"https:\/\/www.ciudadrodrigo.es\/ayuntamiento\/wp-content\/uploads\/2025\/06\/cartelVeranoLa-Florida2025-300x212.jpg\" alt=\"\" width=\"300\" height=\"212\" srcset=\"https:\/\/www.ciudadrodrigo.es\/ayuntamiento\/wp-content\/uploads\/2025\/06\/cartelVeranoLa-Florida2025-300x212.jpg 300w, https:\/\/www.ciudadrodrigo.es\/ayuntamiento\/wp-content\/uploads\/2025\/06\/cartelVeranoLa-Florida2025-1024x724.jpg 1024w, https:\/\/www.ciudadrodrigo.es\/ayuntamiento\/wp-content\/uploads\/2025\/06\/cartelVeranoLa-Florida2025-768x543.jpg 768w, https:\/\/www.ciudadrodrigo.es\/ayuntamiento\/wp-content\/uploads\/2025\/06\/cartelVeranoLa-Florida2025-1536x1086.jpg 1536w, https:\/\/www.ciudadrodrigo.es\/ayuntamiento\/wp-content\/uploads\/2025\/06\/cartelVeranoLa-Florida2025-2048x1448.jpg 2048w, https:\/\/www.ciudadrodrigo.es\/ayuntamiento\/wp-content\/uploads\/2025\/06\/cartelVeranoLa-Florida2025-1180x834.jpg 1180w, https:\/\/www.ciudadrodrigo.es\/ayuntamiento\/wp-content\/uploads\/2025\/06\/cartelVeranoLa-Florida2025-800x566.jpg 800w, https:\/\/www.ciudadrodrigo.es\/ayuntamiento\/wp-content\/uploads\/2025\/06\/cartelVeranoLa-Florida2025-650x460.jpg 650w, https:\/\/www.ciudadrodrigo.es\/ayuntamiento\/wp-content\/uploads\/2025\/06\/cartelVeranoLa-Florida2025-440x311.jpg 440w\" sizes=\"auto, (max-width: 300px) 100vw, 300px\" \/><\/p>\n","protected":false},"excerpt":{"rendered":"<p>La delegada de Infancia y Educaci\u00f3n, Paola Mart\u00edn Mu\u00f1oz, acompa\u00f1ada por los responsables de C\u00edvitas A.T., han presentado hoy las Actividades de Verano en el Parque de La Florida, destinadas a ni\u00f1os de entre 7 y 12 a\u00f1os para el pr\u00f3ximo mes de julio, dedicado al 125 aniversario del Teatro Nuevo \u201cFernando Arrabal\u201d de Ciudad [&hellip;]<\/p>\n","protected":false},"author":11,"featured_media":19755,"comment_status":"closed","ping_status":"closed","sticky":false,"template":"","format":"standard","meta":{"footnotes":""},"categories":[379,141,147,176,383],"tags":[],"class_list":["post-19754","post","type-post","status-publish","format-standard","has-post-thumbnail","hentry","category-125-anos-teatro-nuevo-fernando-arrabal","category-actualidad","category-destacados","category-educacion","category-infancia"],"_links":{"self":[{"href":"https:\/\/www.ciudadrodrigo.es\/ayuntamiento\/wp-json\/wp\/v2\/posts\/19754","targetHints":{"allow":["GET"]}}],"collection":[{"href":"https:\/\/www.ciudadrodrigo.es\/ayuntamiento\/wp-json\/wp\/v2\/posts"}],"about":[{"href":"https:\/\/www.ciudadrodrigo.es\/ayuntamiento\/wp-json\/wp\/v2\/types\/post"}],"author":[{"embeddable":true,"href":"https:\/\/www.ciudadrodrigo.es\/ayuntamiento\/wp-json\/wp\/v2\/users\/11"}],"replies":[{"embeddable":true,"href":"https:\/\/www.ciudadrodrigo.es\/ayuntamiento\/wp-json\/wp\/v2\/comments?post=19754"}],"version-history":[{"count":2,"href":"https:\/\/www.ciudadrodrigo.es\/ayuntamiento\/wp-json\/wp\/v2\/posts\/19754\/revisions"}],"predecessor-version":[{"id":19758,"href":"https:\/\/www.ciudadrodrigo.es\/ayuntamiento\/wp-json\/wp\/v2\/posts\/19754\/revisions\/19758"}],"wp:featuredmedia":[{"embeddable":true,"href":"https:\/\/www.ciudadrodrigo.es\/ayuntamiento\/wp-json\/wp\/v2\/media\/19755"}],"wp:attachment":[{"href":"https:\/\/www.ciudadrodrigo.es\/ayuntamiento\/wp-json\/wp\/v2\/media?parent=19754"}],"wp:term":[{"taxonomy":"category","embeddable":true,"href":"https:\/\/www.ciudadrodrigo.es\/ayuntamiento\/wp-json\/wp\/v2\/categories?post=19754"},{"taxonomy":"post_tag","embeddable":true,"href":"https:\/\/www.ciudadrodrigo.es\/ayuntamiento\/wp-json\/wp\/v2\/tags?post=19754"}],"curies":[{"name":"wp","href":"https:\/\/api.w.org\/{rel}","templated":true}]}}