{"id":19914,"date":"2025-06-25T14:18:28","date_gmt":"2025-06-25T12:18:28","guid":{"rendered":"https:\/\/www.ciudadrodrigo.es\/ayuntamiento\/?p=19914"},"modified":"2025-06-27T11:31:23","modified_gmt":"2025-06-27T09:31:23","slug":"curso-de-monitor-de-tiempo-libre-b-612-verano-2025","status":"publish","type":"post","link":"https:\/\/www.ciudadrodrigo.es\/ayuntamiento\/curso-de-monitor-de-tiempo-libre-b-612-verano-2025\/","title":{"rendered":"Curso de Monitor de Tiempo Libre B.612 \u2013 Verano 2025"},"content":{"rendered":"<p><strong>Curso de Monitor de Tiempo Libre B.612 \u2013 Verano 2025<\/strong><br \/>\nEste verano, el Ayuntamiento de Ciudad Rodrigo, a trav\u00e9s de la Delegaci\u00f3n de Juventud gestionada por Ana Casta\u00f1o, vuelve a apostar por la formaci\u00f3n juvenil con el Curso de Monitor de Tiempo Libre B.612.<\/p>\n<p>\ud83d\udcc5 <strong>\u00bfCu\u00e1ndo?<\/strong><br \/>\nDel 7 al 12 de julio de 2025<\/p>\n<p>\ud83d\udc65 <strong>\u00bfA qui\u00e9n va dirigido?<\/strong><br \/>\nJ\u00f3venes interesados en formarse como monitores de tiempo libre, ideal para quienes buscan trabajar en:<\/p>\n<p>\ud83c\udfde\ufe0f Campamentos<\/p>\n<p>\ud83c\udf89 Actividades juveniles<\/p>\n<p>\ud83c\udfb2 Dinamizaci\u00f3n de ocio<\/p>\n<p>\ud83d\udcdd <strong>\u00bfC\u00f3mo inscribirse?<\/strong><br \/>\nFormaliza tu inscripci\u00f3n aqu\u00ed:<br \/>\n\ud83d\udc49 <a href=\"https:\/\/forms.gle\/R7WT2ywycPvQuLgz8\" target=\"_blank\" rel=\"noopener\">Formulario de inscripci\u00f3n<\/a><\/p>\n<p>\ud83c\udfaf <strong>\u00bfPor qu\u00e9 apuntarte?<\/strong><br \/>\n\ud83d\udcdc Formaci\u00f3n oficial y pr\u00e1ctica<\/p>\n<p>\ud83d\udcbc Oportunidad de empleo en el sector del ocio y la animaci\u00f3n juvenil<\/p>\n<p>\ud83e\udd29 Experiencia divertida y enriquecedora<\/p>\n<p><strong>\u00a1No dejes pasar la oportunidad de formarte este verano y ampliar tus horizontes profesionales!<\/strong><\/p>\n<p><img loading=\"lazy\" decoding=\"async\" class=\"alignnone wp-image-19916\" src=\"https:\/\/www.ciudadrodrigo.es\/ayuntamiento\/wp-content\/uploads\/2025\/06\/Cartel-Monitor-Redes-300x200.jpg\" alt=\"\" width=\"479\" height=\"319\" srcset=\"https:\/\/www.ciudadrodrigo.es\/ayuntamiento\/wp-content\/uploads\/2025\/06\/Cartel-Monitor-Redes-300x200.jpg 300w, https:\/\/www.ciudadrodrigo.es\/ayuntamiento\/wp-content\/uploads\/2025\/06\/Cartel-Monitor-Redes-1024x683.jpg 1024w, https:\/\/www.ciudadrodrigo.es\/ayuntamiento\/wp-content\/uploads\/2025\/06\/Cartel-Monitor-Redes-768x512.jpg 768w, https:\/\/www.ciudadrodrigo.es\/ayuntamiento\/wp-content\/uploads\/2025\/06\/Cartel-Monitor-Redes-1536x1025.jpg 1536w, https:\/\/www.ciudadrodrigo.es\/ayuntamiento\/wp-content\/uploads\/2025\/06\/Cartel-Monitor-Redes-2048x1367.jpg 2048w, https:\/\/www.ciudadrodrigo.es\/ayuntamiento\/wp-content\/uploads\/2025\/06\/Cartel-Monitor-Redes-1180x787.jpg 1180w, https:\/\/www.ciudadrodrigo.es\/ayuntamiento\/wp-content\/uploads\/2025\/06\/Cartel-Monitor-Redes-800x534.jpg 800w, https:\/\/www.ciudadrodrigo.es\/ayuntamiento\/wp-content\/uploads\/2025\/06\/Cartel-Monitor-Redes-650x434.jpg 650w, https:\/\/www.ciudadrodrigo.es\/ayuntamiento\/wp-content\/uploads\/2025\/06\/Cartel-Monitor-Redes-440x294.jpg 440w, https:\/\/www.ciudadrodrigo.es\/ayuntamiento\/wp-content\/uploads\/2025\/06\/Cartel-Monitor-Redes-375x249.jpg 375w\" sizes=\"auto, (max-width: 479px) 100vw, 479px\" \/><\/p>\n\n","protected":false},"excerpt":{"rendered":"<p>Curso de Monitor de Tiempo Libre B.612 \u2013 Verano 2025 Este verano, el Ayuntamiento de Ciudad Rodrigo, a trav\u00e9s de la Delegaci\u00f3n de Juventud gestionada por Ana Casta\u00f1o, vuelve a apostar por la formaci\u00f3n juvenil con el Curso de Monitor de Tiempo Libre B.612. \ud83d\udcc5 \u00bfCu\u00e1ndo? Del 7 al 12 de julio de 2025 \ud83d\udc65 [&hellip;]<\/p>\n","protected":false},"author":11,"featured_media":19915,"comment_status":"closed","ping_status":"closed","sticky":false,"template":"","format":"standard","meta":{"footnotes":""},"categories":[141,147,381,380],"tags":[],"class_list":["post-19914","post","type-post","status-publish","format-standard","has-post-thumbnail","hentry","category-actualidad","category-destacados","category-formacion","category-juventud"],"_links":{"self":[{"href":"https:\/\/www.ciudadrodrigo.es\/ayuntamiento\/wp-json\/wp\/v2\/posts\/19914","targetHints":{"allow":["GET"]}}],"collection":[{"href":"https:\/\/www.ciudadrodrigo.es\/ayuntamiento\/wp-json\/wp\/v2\/posts"}],"about":[{"href":"https:\/\/www.ciudadrodrigo.es\/ayuntamiento\/wp-json\/wp\/v2\/types\/post"}],"author":[{"embeddable":true,"href":"https:\/\/www.ciudadrodrigo.es\/ayuntamiento\/wp-json\/wp\/v2\/users\/11"}],"replies":[{"embeddable":true,"href":"https:\/\/www.ciudadrodrigo.es\/ayuntamiento\/wp-json\/wp\/v2\/comments?post=19914"}],"version-history":[{"count":4,"href":"https:\/\/www.ciudadrodrigo.es\/ayuntamiento\/wp-json\/wp\/v2\/posts\/19914\/revisions"}],"predecessor-version":[{"id":19925,"href":"https:\/\/www.ciudadrodrigo.es\/ayuntamiento\/wp-json\/wp\/v2\/posts\/19914\/revisions\/19925"}],"wp:featuredmedia":[{"embeddable":true,"href":"https:\/\/www.ciudadrodrigo.es\/ayuntamiento\/wp-json\/wp\/v2\/media\/19915"}],"wp:attachment":[{"href":"https:\/\/www.ciudadrodrigo.es\/ayuntamiento\/wp-json\/wp\/v2\/media?parent=19914"}],"wp:term":[{"taxonomy":"category","embeddable":true,"href":"https:\/\/www.ciudadrodrigo.es\/ayuntamiento\/wp-json\/wp\/v2\/categories?post=19914"},{"taxonomy":"post_tag","embeddable":true,"href":"https:\/\/www.ciudadrodrigo.es\/ayuntamiento\/wp-json\/wp\/v2\/tags?post=19914"}],"curies":[{"name":"wp","href":"https:\/\/api.w.org\/{rel}","templated":true}]}}