{"id":19937,"date":"2025-07-01T14:07:24","date_gmt":"2025-07-01T12:07:24","guid":{"rendered":"https:\/\/www.ciudadrodrigo.es\/ayuntamiento\/?p=19937"},"modified":"2026-02-05T13:40:34","modified_gmt":"2026-02-05T12:40:34","slug":"%e2%80%bc%ef%b8%8fcampamento-la-florida-de-lunes-a-viernes-y-horario-unico%e2%80%bc%ef%b8%8f","status":"publish","type":"post","link":"https:\/\/www.ciudadrodrigo.es\/ayuntamiento\/%e2%80%bc%ef%b8%8fcampamento-la-florida-de-lunes-a-viernes-y-horario-unico%e2%80%bc%ef%b8%8f\/","title":{"rendered":"Campamento La Florida, de lunes a viernes y horario \u00fanico"},"content":{"rendered":"<p>Atendiendo las peticiones de los padres, la delegaci\u00f3n de Infancia y Civitas han modificado el planteamiento de las actividades del campamento urbano de verano en La Florida con horario \u00fanico para todos los ni\u00f1os inscritos (de 4 a 12 a\u00f1os) y de lunes a viernes para todos.<\/p>\n<p>Debido a esta modificaci\u00f3n y para dar oportunidad de participar a m\u00e1s ni\u00f1os, se abre un plazo extraordinario de inscripci\u00f3n desde hoy martes hasta el jueves, d\u00eda 3, a trav\u00e9s de la web municipal.<\/p>\n<p><a href=\"https:\/\/www.ciudadrodrigo.es\/ayuntamiento\/programa-de-animacion-infantil-estival-2025\/\" target=\"_blank\" rel=\"noopener\">Informaci\u00f3n e inscripciones<\/a><\/p>\n<p>&nbsp;<\/p>\n","protected":false},"excerpt":{"rendered":"<p>Atendiendo las peticiones de los padres, la delegaci\u00f3n de Infancia y Civitas han modificado el planteamiento de las actividades del campamento urbano de verano en La Florida con horario \u00fanico para todos los ni\u00f1os inscritos (de 4 a 12 a\u00f1os) y de lunes a viernes para todos. Debido a esta modificaci\u00f3n y para dar oportunidad [&hellip;]<\/p>\n","protected":false},"author":11,"featured_media":19933,"comment_status":"closed","ping_status":"closed","sticky":false,"template":"","format":"standard","meta":{"footnotes":""},"categories":[141,147,176,383],"tags":[],"class_list":["post-19937","post","type-post","status-publish","format-standard","has-post-thumbnail","hentry","category-actualidad","category-destacados","category-educacion","category-infancia"],"_links":{"self":[{"href":"https:\/\/www.ciudadrodrigo.es\/ayuntamiento\/wp-json\/wp\/v2\/posts\/19937","targetHints":{"allow":["GET"]}}],"collection":[{"href":"https:\/\/www.ciudadrodrigo.es\/ayuntamiento\/wp-json\/wp\/v2\/posts"}],"about":[{"href":"https:\/\/www.ciudadrodrigo.es\/ayuntamiento\/wp-json\/wp\/v2\/types\/post"}],"author":[{"embeddable":true,"href":"https:\/\/www.ciudadrodrigo.es\/ayuntamiento\/wp-json\/wp\/v2\/users\/11"}],"replies":[{"embeddable":true,"href":"https:\/\/www.ciudadrodrigo.es\/ayuntamiento\/wp-json\/wp\/v2\/comments?post=19937"}],"version-history":[{"count":3,"href":"https:\/\/www.ciudadrodrigo.es\/ayuntamiento\/wp-json\/wp\/v2\/posts\/19937\/revisions"}],"predecessor-version":[{"id":22748,"href":"https:\/\/www.ciudadrodrigo.es\/ayuntamiento\/wp-json\/wp\/v2\/posts\/19937\/revisions\/22748"}],"wp:featuredmedia":[{"embeddable":true,"href":"https:\/\/www.ciudadrodrigo.es\/ayuntamiento\/wp-json\/wp\/v2\/media\/19933"}],"wp:attachment":[{"href":"https:\/\/www.ciudadrodrigo.es\/ayuntamiento\/wp-json\/wp\/v2\/media?parent=19937"}],"wp:term":[{"taxonomy":"category","embeddable":true,"href":"https:\/\/www.ciudadrodrigo.es\/ayuntamiento\/wp-json\/wp\/v2\/categories?post=19937"},{"taxonomy":"post_tag","embeddable":true,"href":"https:\/\/www.ciudadrodrigo.es\/ayuntamiento\/wp-json\/wp\/v2\/tags?post=19937"}],"curies":[{"name":"wp","href":"https:\/\/api.w.org\/{rel}","templated":true}]}}